{"id":38245,"date":"2017-06-19T14:06:41","date_gmt":"2017-06-19T19:06:41","guid":{"rendered":"https:\/\/radiowebmx.com\/nota\/?p=38245"},"modified":"2017-06-19T14:06:41","modified_gmt":"2017-06-19T19:06:41","slug":"concluyo-en-morelia-el-festival-internacional-de-guitarra-inician-extensiones-en-el-interior-del-estado","status":"publish","type":"post","link":"https:\/\/radiowebmx.com\/nota\/concluyo-en-morelia-el-festival-internacional-de-guitarra-inician-extensiones-en-el-interior-del-estado\/","title":{"rendered":"Concluy\u00f3 en Morelia el Festival Internacional de Guitarra; inician extensiones en el interior del estado"},"content":{"rendered":"<ul dir=\"auto\">\n<li><strong>El \u00faltimo concierto en la capital michoacana, en el Teatro Ocampo; habr\u00e1 presentaciones en P\u00e1tzcuaro, Acuitzio, La Piedad y Zamora.<\/strong><\/li>\n<\/ul>\n<div dir=\"auto\"><\/div>\n<div dir=\"auto\"><\/div>\n<div dir=\"auto\"><strong>Morelia, Michoac\u00e1n, a 19 de junio de 2017.-<\/strong> Despu\u00e9s de una intensa semana de actividades realizadas en el Teatro Ocampo de la Secretar\u00eda de Cultura de Michoac\u00e1n (Secum), as\u00ed como en el Centro Cultural Universitario de la Universidad Michoacana de San Nicol\u00e1s de Hidalgo (UMSNH), el Festival Internacional de Guitarra de Morelia concluy\u00f3 en la capital del estado, para dar paso a las extensiones al interior.<\/div>\n<div dir=\"auto\"><\/div>\n<div dir=\"auto\">La \u00faltima presentaci\u00f3n fue en el Teatro Ocampo y corri\u00f3 a cargo de Iliana Matos (Estados Unidos) y Juan Carlos Laguna (M\u00e9xico), artistas que fueron acompa\u00f1ados por la Orquesta Sinf\u00f3nica de Michoac\u00e1n (Osidem) en un concierto gratuito que fue disfrutado por un amplio p\u00fablico de distintas edades.<\/div>\n<div dir=\"auto\"><\/div>\n<div dir=\"auto\">A la clausura acudi\u00f3 Andrea Silva Cadena, directora de Formaci\u00f3n y Educaci\u00f3n de la Secretar\u00eda de Cultura de Michoac\u00e1n, en representaci\u00f3n de Silvia Figueroa Zamudio. Durante su intervenci\u00f3n, la funcionaria destac\u00f3 el trabajo realizado en esta edici\u00f3n por parte de los organizadores, adem\u00e1s de aplaudir el esfuerzo para que la m\u00fasica llegue a m\u00e1s michoacanos.<\/div>\n<div dir=\"auto\"><\/div>\n<div dir=\"auto\">Por su parte, Ra\u00fal Olmos, director general del Festival Internacional de M\u00fasica de Morelia, coment\u00f3: \u201cLas actividades se realizaron tal y como se proyectaron en el programa art\u00edstico, los concierto did\u00e1cticos, conferencias, conciertos de gala, orquestas, estrenos de obras. La repuesta del p\u00fablico fue muy buena. El festival termina en Morelia pero continuaremos en ciudades del interior del estados como extensiones, este a\u00f1o se cobraron los dos conciertos iniciales ya que las condiciones econ\u00f3micas y presupuestales as\u00ed lo requirieron\u201d.<\/div>\n<div dir=\"auto\"><\/div>\n<div dir=\"auto\">Olmos realiz\u00f3 un agradecimiento especial para todas las instituciones y patrocinadores que hicieron posible este a\u00f1o el festival, \u201cart\u00edsticamente fue un programa muy completo y sin duda se contribuye al desarrollo cultural del estado\u201d, se\u00f1al\u00f3.<\/div>\n<div dir=\"auto\"><\/div>\n<div dir=\"auto\">El concierto inici\u00f3 a las 20:30 horas para escuchar piezas como \u201cPhiladelphia Overture\u201d de Reynaldo Fern\u00e1ndez Pav\u00f3n, \u00a0\u201cConcierto para guitarra y orquesta de cuerda\u201d de James Lentini, \u201cPeque\u00f1o concierto (to the north\u2026) para guitarra y orquesta de cuerdas\u201d de Francisco Villegas, entre otras.<\/div>\n<div dir=\"auto\"><\/div>\n<div dir=\"auto\"><\/div>\n<div dir=\"auto\"><\/div>\n<div dir=\"auto\"><\/div>\n<div dir=\"auto\"><strong>Las extensiones<\/strong><\/div>\n<div dir=\"auto\"><\/div>\n<div dir=\"auto\">Aunque en la capital del estado las actividades concluyeron, en el interior apenas comienzas, y as\u00ed arranc\u00f3 el pasado 18 de junio la primera presentaci\u00f3n. El escenario fue el Teatro Hidalgo de Zinap\u00e9cuaro, espacio al que acudi\u00f3 un importante n\u00famero de personas que disfrutaron del talento de Edgar Miguel Garc\u00eda S\u00e1nchez (Espa\u00f1a) y Daniel Olmos (M\u00e9xico), quienes interpretaron diversas piezas con sus guitarras.<\/div>\n<div dir=\"auto\"><\/div>\n<div dir=\"auto\">Las siguientes sedes ser\u00e1n: el d\u00eda 20 a las 19:00 horas en el Templo del Sagrario en P\u00e1tzcuaro, el d\u00eda 21 a las 17:00 horas en el Teatro Coatepec de Acuitzio del Canje, el d\u00eda 22 a las 20:00 horas en el Templo de la Pur\u00edsima de La Piedad, y finalmente el d\u00eda 23 a las 20:00 horas en el Auditorio del Colmich de Zamora.<\/div>\n","protected":false},"excerpt":{"rendered":"<p>El \u00faltimo concierto en la capital michoacana, en el Teatro Ocampo; habr\u00e1 presentaciones en P\u00e1tzcuaro, Acuitzio, La Piedad y Zamora. Morelia, Michoac\u00e1n, a 19 de junio de 2017.- Despu\u00e9s de una intensa semana de actividades realizadas en el Teatro Ocampo de la Secretar\u00eda de Cultura de Michoac\u00e1n (Secum), as\u00ed como en el Centro Cultural Universitario [&hellip;]<\/p>\n","protected":false},"author":2,"featured_media":38246,"comment_status":"closed","ping_status":"closed","sticky":false,"template":"","format":"standard","meta":{"footnotes":""},"categories":[14,3,60],"tags":[],"class_list":["post-38245","post","type-post","status-publish","format-standard","has-post-thumbnail","hentry","category-destacadas","category-gobierno-del-estado-de-michoacan","category-michoacan"],"_links":{"self":[{"href":"https:\/\/radiowebmx.com\/nota\/wp-json\/wp\/v2\/posts\/38245","targetHints":{"allow":["GET"]}}],"collection":[{"href":"https:\/\/radiowebmx.com\/nota\/wp-json\/wp\/v2\/posts"}],"about":[{"href":"https:\/\/radiowebmx.com\/nota\/wp-json\/wp\/v2\/types\/post"}],"author":[{"embeddable":true,"href":"https:\/\/radiowebmx.com\/nota\/wp-json\/wp\/v2\/users\/2"}],"replies":[{"embeddable":true,"href":"https:\/\/radiowebmx.com\/nota\/wp-json\/wp\/v2\/comments?post=38245"}],"version-history":[{"count":1,"href":"https:\/\/radiowebmx.com\/nota\/wp-json\/wp\/v2\/posts\/38245\/revisions"}],"predecessor-version":[{"id":38247,"href":"https:\/\/radiowebmx.com\/nota\/wp-json\/wp\/v2\/posts\/38245\/revisions\/38247"}],"wp:featuredmedia":[{"embeddable":true,"href":"https:\/\/radiowebmx.com\/nota\/wp-json\/wp\/v2\/media\/38246"}],"wp:attachment":[{"href":"https:\/\/radiowebmx.com\/nota\/wp-json\/wp\/v2\/media?parent=38245"}],"wp:term":[{"taxonomy":"category","embeddable":true,"href":"https:\/\/radiowebmx.com\/nota\/wp-json\/wp\/v2\/categories?post=38245"},{"taxonomy":"post_tag","embeddable":true,"href":"https:\/\/radiowebmx.com\/nota\/wp-json\/wp\/v2\/tags?post=38245"}],"curies":[{"name":"wp","href":"https:\/\/api.w.org\/{rel}","templated":true}]}}