{"id":38241,"date":"2017-06-19T13:48:06","date_gmt":"2017-06-19T18:48:06","guid":{"rendered":"https:\/\/radiowebmx.com\/nota\/?p=38241"},"modified":"2017-06-19T13:54:03","modified_gmt":"2017-06-19T18:54:03","slug":"inician-festejos-por-el-59-aniversario-del-ballet-folklorico-del-gobierno-del-estado-de-michoacan","status":"publish","type":"post","link":"https:\/\/radiowebmx.com\/nota\/inician-festejos-por-el-59-aniversario-del-ballet-folklorico-del-gobierno-del-estado-de-michoacan\/","title":{"rendered":"Inician festejos por el 59 aniversario del Ballet Folkl\u00f3rico del Gobierno del Estado de Michoac\u00e1n"},"content":{"rendered":"<ul>\n<li>Ante un amplio n\u00famero de espectadores, este fin de semana la Avenida Madero de llen\u00f3 de color, m\u00fasica y tradiciones.<\/li>\n<\/ul>\n<p>&nbsp;<\/p>\n<p><a href=\"https:\/\/radiowebmx.com\/nota\/wp-content\/uploads\/2017\/06\/fcdc1bf1-6dc9-443a-81f4-3324eb8f445b.jpeg\"><img loading=\"lazy\" decoding=\"async\" class=\"alignnone size-medium wp-image-38243\" src=\"https:\/\/radiowebmx.com\/nota\/wp-content\/uploads\/2017\/06\/fcdc1bf1-6dc9-443a-81f4-3324eb8f445b-595x395.jpeg\" alt=\"\" width=\"595\" height=\"395\" srcset=\"https:\/\/radiowebmx.com\/nota\/wp-content\/uploads\/2017\/06\/fcdc1bf1-6dc9-443a-81f4-3324eb8f445b-595x395.jpeg 595w, https:\/\/radiowebmx.com\/nota\/wp-content\/uploads\/2017\/06\/fcdc1bf1-6dc9-443a-81f4-3324eb8f445b-272x182.jpeg 272w, https:\/\/radiowebmx.com\/nota\/wp-content\/uploads\/2017\/06\/fcdc1bf1-6dc9-443a-81f4-3324eb8f445b.jpeg 709w\" sizes=\"auto, (max-width: 595px) 100vw, 595px\" \/><\/a><br \/>\n<strong>Morelia, Michoac\u00e1n, a 19 de junio de 2017.-<\/strong> Con mucha actividad se encuentra el Ballet Folkl\u00f3rico del Gobierno del Estado de Michoac\u00e1n (BFGEM); agrupaci\u00f3n que en el marco del 59\u00b0 aniversario de su fundaci\u00f3n, brind\u00f3 en la Avenida Madero la primera de tres presentaciones y ya alista, para el mes de julio, una gira por Chile, hasta donde llegar\u00e1 para representar a nuestro pa\u00eds y mostrar tambi\u00e9n la riqueza de la tradiciones michoacanas.<\/p>\n<p>&nbsp;<\/p>\n<p>En representaci\u00f3n de Silvia Figueroa Zamudio, titular de la Secretar\u00eda de Cultura de Michoac\u00e1n (Secum), asisti\u00f3 Andrea Silva Cadena, directora de Formaci\u00f3n y Educaci\u00f3n de la dependencia estatal, y expres\u00f3 -a nombre de Figueroa Zamudio-, su agrado porque las actividades culturales logren reunir a familias enteras en los espacios p\u00fablicos.<\/p>\n<p>&nbsp;<\/p>\n<p>Luis Antonio S\u00e1nchez Campos, director y core\u00f3grafo del BFGEM, expres\u00f3 que estuvieron contentos con los resultados obtenidos en la presentaci\u00f3n en la Avenida Madero, en donde se present\u00f3 un equipo conformado por 40 personas entre m\u00fasicos y bailarines, entre ellos 28 integrantes del BFGEM, siete elementos del Mariachi Emperador y cinco integrantes de la Orquesta Erandepakua.<\/p>\n<p>&nbsp;<\/p>\n<p>Como grupo invitado asisti\u00f3 el Ballet Folkl\u00f3rico Andasti, integrado por 16 adolescentes.<\/p>\n<p>&nbsp;<\/p>\n<p>S\u00e1nchez Campos detall\u00f3 que preparar el programa de aniversario llev\u00f3 seis meses de trabajo con todo lo que implica, es decir, la producci\u00f3n de coreograf\u00eda y la preparaci\u00f3n de vestuario, por mencionar algunos aspectos.<\/p>\n<p>&nbsp;<\/p>\n<p>Agreg\u00f3 que algunos de los cuadros se ofrecieron con nuevos formatos y montajes, siempre pensando en agradar al p\u00fablico. Entre las danzas ofrecidas de Michoac\u00e1n se encontraron: la Danza de Negros, el Baile de las Aguadoras, y el estreno de la Danza de los Tumbies, que fue montada por Jos\u00e9 Luis Morales Mart\u00ednez y revisada por Pedro Dimas, director de la Orquesta \u201cMirando al Lago\u201d y creador de la danza.<\/p>\n<p>&nbsp;<\/p>\n<p>El Director Art\u00edstico del BFGEM record\u00f3 que como parte del festejo de aniversario y de la tradici\u00f3n del programa, se invita a varios de sus exalumnos quienes ahora cuentan con sus propias agrupaciones art\u00edsticas, como en este caso fue Jos\u00e9 Luis Morales, director del Ballet Folkl\u00f3rico Andasti del Colegio de Bachilleres ubicado en Quiroga, y bailar\u00edn del grupo desde hace 12 a\u00f1os, adem\u00e1s de a Edilberto Morales, director de la Orquesta Erandepakua, quien particip\u00f3 cerca de 10 a\u00f1os en el Ballet.<\/p>\n<p>&nbsp;<\/p>\n<p>Luis Antonio S\u00e1nchez expres\u00f3 que el pr\u00f3ximo s\u00e1bado 24 de junio, a partir de las 18:30 horas en la Avenida Madero a un costado de la Catedral de Morelia, ser\u00e1n tres grupos los invitados a esta celebraci\u00f3n de aniversario: el Ballet Folkl\u00f3rico de la Secundaria T\u00e9cnica 108, el Ballet Folkl\u00f3rico Inch\u00e1tiro, y el Ballet Folkl\u00f3rico Olmeca.<\/p>\n<p>&nbsp;<\/p>\n<p>Los festejos concluir\u00e1n el 28 de junio con una funci\u00f3n en el Teatro Ocampo a las 19:00 horas. Se presentar\u00e1 el tr\u00edo \u201cLas Miranda\u201d, el Ballet Folkl\u00f3rico Tatakeri y para cerrar con &#8216;broche de oro&#8217;, el Ballet Folkl\u00f3rico del Gobierno del Estado de Michoac\u00e1n.<\/p>\n<p>&nbsp;<\/p>\n<p><strong>El BFGEM, listo para iniciar gira por Chile\u00a0<\/strong><\/p>\n<p>&nbsp;<\/p>\n<p>Las actuaciones del Ballet proseguir\u00e1n el 2 de julio a las 12:00 horas en el Teatro Morelos, previo a su gira por la regi\u00f3n de Araucan\u00eda, en Chile, del 12 de julio al 8 de agosto, para participar en el Festival Internacional de Danza Folkl\u00f3rica \u201cTeodoro Smith\u201d.<\/p>\n<p>&nbsp;<\/p>\n<p>En dicho evento, el BFGEM representar\u00e1 a M\u00e9xico, y en especial a Michoac\u00e1n con la Danza de Viejitos, y compartir\u00e1 el escenario con sus similares de Colombia, Argentina, Bolivia y el pa\u00eds anfitri\u00f3n.<\/p>\n<p>&nbsp;<\/p>\n<p>El acceso a la presentaci\u00f3n en el Teatro Morelos tendr\u00e1 una cuota de recuperaci\u00f3n de 100 pesos por persona y los boletos estar\u00e1n a disponibles a partir de este mi\u00e9rcoles 21 de junio en las oficinas del Ballet ubicadas en la Casa de la Cultura de Morelia, de 9:00 a 15:00 horas, y el d\u00eda de la presentaci\u00f3n en las taquillas del Teatro Morelos.<\/p>\n<div><\/div>\n","protected":false},"excerpt":{"rendered":"<p>Ante un amplio n\u00famero de espectadores, este fin de semana la Avenida Madero de llen\u00f3 de color, m\u00fasica y tradiciones. &nbsp; Morelia, Michoac\u00e1n, a 19 de junio de 2017.- Con mucha actividad se encuentra el Ballet Folkl\u00f3rico del Gobierno del Estado de Michoac\u00e1n (BFGEM); agrupaci\u00f3n que en el marco del 59\u00b0 aniversario de su fundaci\u00f3n, [&hellip;]<\/p>\n","protected":false},"author":2,"featured_media":38242,"comment_status":"closed","ping_status":"closed","sticky":false,"template":"","format":"standard","meta":{"footnotes":""},"categories":[14,3,60],"tags":[],"class_list":["post-38241","post","type-post","status-publish","format-standard","has-post-thumbnail","hentry","category-destacadas","category-gobierno-del-estado-de-michoacan","category-michoacan"],"_links":{"self":[{"href":"https:\/\/radiowebmx.com\/nota\/wp-json\/wp\/v2\/posts\/38241","targetHints":{"allow":["GET"]}}],"collection":[{"href":"https:\/\/radiowebmx.com\/nota\/wp-json\/wp\/v2\/posts"}],"about":[{"href":"https:\/\/radiowebmx.com\/nota\/wp-json\/wp\/v2\/types\/post"}],"author":[{"embeddable":true,"href":"https:\/\/radiowebmx.com\/nota\/wp-json\/wp\/v2\/users\/2"}],"replies":[{"embeddable":true,"href":"https:\/\/radiowebmx.com\/nota\/wp-json\/wp\/v2\/comments?post=38241"}],"version-history":[{"count":1,"href":"https:\/\/radiowebmx.com\/nota\/wp-json\/wp\/v2\/posts\/38241\/revisions"}],"predecessor-version":[{"id":38244,"href":"https:\/\/radiowebmx.com\/nota\/wp-json\/wp\/v2\/posts\/38241\/revisions\/38244"}],"wp:featuredmedia":[{"embeddable":true,"href":"https:\/\/radiowebmx.com\/nota\/wp-json\/wp\/v2\/media\/38242"}],"wp:attachment":[{"href":"https:\/\/radiowebmx.com\/nota\/wp-json\/wp\/v2\/media?parent=38241"}],"wp:term":[{"taxonomy":"category","embeddable":true,"href":"https:\/\/radiowebmx.com\/nota\/wp-json\/wp\/v2\/categories?post=38241"},{"taxonomy":"post_tag","embeddable":true,"href":"https:\/\/radiowebmx.com\/nota\/wp-json\/wp\/v2\/tags?post=38241"}],"curies":[{"name":"wp","href":"https:\/\/api.w.org\/{rel}","templated":true}]}}