{"id":38238,"date":"2017-06-19T13:24:12","date_gmt":"2017-06-19T18:24:12","guid":{"rendered":"https:\/\/radiowebmx.com\/nota\/?p=38238"},"modified":"2017-06-19T13:47:40","modified_gmt":"2017-06-19T18:47:40","slug":"acuerdan-mantener-frente-comun-para-la-seguridad-de-morelia","status":"publish","type":"post","link":"https:\/\/radiowebmx.com\/nota\/acuerdan-mantener-frente-comun-para-la-seguridad-de-morelia\/","title":{"rendered":"Acuerdan mantener frente com\u00fan para la seguridad de Morelia"},"content":{"rendered":"<ul>\n<li>El Gobernador Silvano Aureoles encabez\u00f3 la reuni\u00f3n del Grupo de Coordinaci\u00f3n para la Seguridad Local de la capital michoacana, en la que se definieron acciones para cerrarle el paso a los delitos que lastiman a la poblaci\u00f3n.<\/li>\n<\/ul>\n<p>&nbsp;<\/p>\n<p><a href=\"https:\/\/radiowebmx.com\/nota\/wp-content\/uploads\/2017\/06\/9d0ca3ae-0d32-46c4-a835-a792183f4e40.jpeg\"><img loading=\"lazy\" decoding=\"async\" class=\"alignnone size-medium wp-image-38239\" src=\"https:\/\/radiowebmx.com\/nota\/wp-content\/uploads\/2017\/06\/9d0ca3ae-0d32-46c4-a835-a792183f4e40-595x396.jpeg\" alt=\"\" width=\"595\" height=\"396\" srcset=\"https:\/\/radiowebmx.com\/nota\/wp-content\/uploads\/2017\/06\/9d0ca3ae-0d32-46c4-a835-a792183f4e40-595x396.jpeg 595w, https:\/\/radiowebmx.com\/nota\/wp-content\/uploads\/2017\/06\/9d0ca3ae-0d32-46c4-a835-a792183f4e40-272x182.jpeg 272w, https:\/\/radiowebmx.com\/nota\/wp-content\/uploads\/2017\/06\/9d0ca3ae-0d32-46c4-a835-a792183f4e40.jpeg 709w\" sizes=\"auto, (max-width: 595px) 100vw, 595px\" \/><\/a><br \/>\n<strong>Morelia, Michoac\u00e1n, a 19 de junio de 2017.-<\/strong> La ma\u00f1ana de este lunes, el Gobernador Silvano Aureoles Conejo encabez\u00f3 la reuni\u00f3n del Grupo de Coordinaci\u00f3n para la Seguridad Local de Morelia, donde autoridades de los tres \u00f3rdenes de gobierno coincidieron en mantener un frente com\u00fan y la acci\u00f3n estrat\u00e9gica conjunta para cerrar el paso a los delitos que lastiman a las y los michoacanos que habitan en este municipio.<\/p>\n<p>&nbsp;<\/p>\n<p>En la sesi\u00f3n durante la cual se revisaron los resultados en materia de seguridad de esta demarcaci\u00f3n, se redefinieron los operativos para atender las colonias que presentan alertas y establecer mecanismos que permitan mantener una comunicaci\u00f3n directa con las instituciones bancarias y polic\u00edas auxiliares, a fin de atender cualquier emergencia en estos espacios comerciales.<\/p>\n<p>&nbsp;<\/p>\n<p>Al reiterar que la participaci\u00f3n de la ciudadan\u00eda es fundamental para disminuir la incidencia delictiva y las conductas violentas, se plante\u00f3 solicitar mayor apoyo a los encargados del orden y autoridades auxiliares para detectar y atender cualquier incidente.<\/p>\n<p>&nbsp;<\/p>\n<p>Para lograr dicho objetivo, el mandatario estatal urgi\u00f3 a ampliar los alcances de los Comit\u00e9s de Vigilancia Vecinal.<\/p>\n<p>&nbsp;<\/p>\n<p>Tambi\u00e9n se dieron a conocer los resultados obtenidos en materia de seguridad en esta regi\u00f3n del 10 al 16 de junio, entre los que destacan la localizaci\u00f3n de una persona que hab\u00eda sido secuestrada.<\/p>\n<p>&nbsp;<\/p>\n<p>Se aseguraron armas, cargadores y dosis de las drogas conocidas como cristal y coca\u00edna.<\/p>\n<p>&nbsp;<\/p>\n<p>Se recuperaron dos retroexcavadoras con reporte de robo, una antena de radio comunicaci\u00f3n, cuatro acumuladores, dos paneles solares, un repetidor, y se localiz\u00f3 y clausur\u00f3 un ducto clandestino para el robo de hidrocarburos.<\/p>\n<p>&nbsp;<\/p>\n<p>Fueron consignados ante el Ministerio P\u00fablico cinco personas y dos veh\u00edculos relacionados en hechos delictivos, adem\u00e1s de otro automotor abandonado<\/p>\n<p>&nbsp;<\/p>\n<p>Durante esta reuni\u00f3n estuvieron presentes el presidente municipal de Morelia, Alfonso Mart\u00ednez Alc\u00e1zar; el secretario de Seguridad P\u00fablica, Juan Bernardo Corona Mart\u00ednez; el procurador general de Justicia de la entidad, Jos\u00e9 Mart\u00edn Godoy Castro; la delegada de la Procuradur\u00eda General de la Rep\u00fablica, Bertha Paredes Gardu\u00f1o;\u00a0 el delegado del CISEN, Fernando Castro Miranda; el coordinar estatal de la Polic\u00eda Federal, Israel Galv\u00e1n Jaime; el coordinador de Fiscales, Marco Aurelio Nava Cervantes, entre otros funcionarios federales, estatales y municipales.<\/p>\n","protected":false},"excerpt":{"rendered":"<p>El Gobernador Silvano Aureoles encabez\u00f3 la reuni\u00f3n del Grupo de Coordinaci\u00f3n para la Seguridad Local de la capital michoacana, en la que se definieron acciones para cerrarle el paso a los delitos que lastiman a la poblaci\u00f3n. &nbsp; Morelia, Michoac\u00e1n, a 19 de junio de 2017.- La ma\u00f1ana de este lunes, el Gobernador Silvano Aureoles [&hellip;]<\/p>\n","protected":false},"author":2,"featured_media":38239,"comment_status":"closed","ping_status":"closed","sticky":false,"template":"","format":"standard","meta":{"footnotes":""},"categories":[14,3,60],"tags":[],"class_list":["post-38238","post","type-post","status-publish","format-standard","has-post-thumbnail","hentry","category-destacadas","category-gobierno-del-estado-de-michoacan","category-michoacan"],"_links":{"self":[{"href":"https:\/\/radiowebmx.com\/nota\/wp-json\/wp\/v2\/posts\/38238","targetHints":{"allow":["GET"]}}],"collection":[{"href":"https:\/\/radiowebmx.com\/nota\/wp-json\/wp\/v2\/posts"}],"about":[{"href":"https:\/\/radiowebmx.com\/nota\/wp-json\/wp\/v2\/types\/post"}],"author":[{"embeddable":true,"href":"https:\/\/radiowebmx.com\/nota\/wp-json\/wp\/v2\/users\/2"}],"replies":[{"embeddable":true,"href":"https:\/\/radiowebmx.com\/nota\/wp-json\/wp\/v2\/comments?post=38238"}],"version-history":[{"count":1,"href":"https:\/\/radiowebmx.com\/nota\/wp-json\/wp\/v2\/posts\/38238\/revisions"}],"predecessor-version":[{"id":38240,"href":"https:\/\/radiowebmx.com\/nota\/wp-json\/wp\/v2\/posts\/38238\/revisions\/38240"}],"wp:featuredmedia":[{"embeddable":true,"href":"https:\/\/radiowebmx.com\/nota\/wp-json\/wp\/v2\/media\/38239"}],"wp:attachment":[{"href":"https:\/\/radiowebmx.com\/nota\/wp-json\/wp\/v2\/media?parent=38238"}],"wp:term":[{"taxonomy":"category","embeddable":true,"href":"https:\/\/radiowebmx.com\/nota\/wp-json\/wp\/v2\/categories?post=38238"},{"taxonomy":"post_tag","embeddable":true,"href":"https:\/\/radiowebmx.com\/nota\/wp-json\/wp\/v2\/tags?post=38238"}],"curies":[{"name":"wp","href":"https:\/\/api.w.org\/{rel}","templated":true}]}}