{"id":38227,"date":"2017-06-19T12:59:53","date_gmt":"2017-06-19T17:59:53","guid":{"rendered":"https:\/\/radiowebmx.com\/nota\/?p=38227"},"modified":"2017-06-19T13:22:01","modified_gmt":"2017-06-19T18:22:01","slug":"cobaem-y-cedh-impulsan-en-zitacuaro-la-cultura-de-la-paz","status":"publish","type":"post","link":"https:\/\/radiowebmx.com\/nota\/cobaem-y-cedh-impulsan-en-zitacuaro-la-cultura-de-la-paz\/","title":{"rendered":"Cobaem y CEDH impulsan en Zit\u00e1cuaro la cultura de la paz"},"content":{"rendered":"<p><a href=\"https:\/\/radiowebmx.com\/nota\/wp-content\/uploads\/2017\/06\/8309cf70-79c6-451f-8dc5-c2b40d61b050.jpg\"><img loading=\"lazy\" decoding=\"async\" class=\"alignnone size-medium wp-image-38228\" src=\"https:\/\/radiowebmx.com\/nota\/wp-content\/uploads\/2017\/06\/8309cf70-79c6-451f-8dc5-c2b40d61b050-595x347.jpg\" alt=\"\" width=\"595\" height=\"347\" srcset=\"https:\/\/radiowebmx.com\/nota\/wp-content\/uploads\/2017\/06\/8309cf70-79c6-451f-8dc5-c2b40d61b050-595x347.jpg 595w, https:\/\/radiowebmx.com\/nota\/wp-content\/uploads\/2017\/06\/8309cf70-79c6-451f-8dc5-c2b40d61b050.jpg 709w\" sizes=\"auto, (max-width: 595px) 100vw, 595px\" \/><\/a><\/p>\n<p>&nbsp;<\/p>\n<p><strong>Zit\u00e1cuaro, Michoac\u00e1n, a 19 de junio de 2017.-<\/strong> Con el objetivo de inculcar en las y los alumnos del Colegio de Bachilleres del Estado de Michoac\u00e1n (Cobaem) la cultura de la paz, fue impartida la conferencia \u201cLa paz y mecanismos de soluci\u00f3n de conflictos\u201d en el plantel del subsistema de este municipio.<\/p>\n<p>Ante m\u00e1s de 55 asistentes, el coordinador de Estudios, Divulgaci\u00f3n y Capacitaci\u00f3n de la Comisi\u00f3n Estatal de Derechos Humanos (CEDH), Gerardo Andr\u00e9s Herrera P\u00e9rez, dict\u00f3 una conferencia interactiva, en la que las y los j\u00f3venes bachilleres participaron.<\/p>\n<p>Al final de la conferencia, las y los alumnos del Cobaem recibieron carteles sobre la prevenci\u00f3n del bullying, con el objetivo de concientizarlos sobre dicha problem\u00e1tica.<\/p>\n<p>Adicionalmente, personal de este plantel y de la Direcci\u00f3n del Instituto de la Mujer Zitacuarense, llev\u00f3 a cabo dos conferencias m\u00e1s dirigidas a mujeres ind\u00edgenas y adolescentes de la tenencia de Francisco Serrato, con una asistencia de 550 personas.<\/p>\n","protected":false},"excerpt":{"rendered":"<p>&nbsp; Zit\u00e1cuaro, Michoac\u00e1n, a 19 de junio de 2017.- Con el objetivo de inculcar en las y los alumnos del Colegio de Bachilleres del Estado de Michoac\u00e1n (Cobaem) la cultura de la paz, fue impartida la conferencia \u201cLa paz y mecanismos de soluci\u00f3n de conflictos\u201d en el plantel del subsistema de este municipio. Ante m\u00e1s [&hellip;]<\/p>\n","protected":false},"author":2,"featured_media":38228,"comment_status":"closed","ping_status":"closed","sticky":false,"template":"","format":"standard","meta":{"footnotes":""},"categories":[14,3,60],"tags":[],"class_list":["post-38227","post","type-post","status-publish","format-standard","has-post-thumbnail","hentry","category-destacadas","category-gobierno-del-estado-de-michoacan","category-michoacan"],"_links":{"self":[{"href":"https:\/\/radiowebmx.com\/nota\/wp-json\/wp\/v2\/posts\/38227","targetHints":{"allow":["GET"]}}],"collection":[{"href":"https:\/\/radiowebmx.com\/nota\/wp-json\/wp\/v2\/posts"}],"about":[{"href":"https:\/\/radiowebmx.com\/nota\/wp-json\/wp\/v2\/types\/post"}],"author":[{"embeddable":true,"href":"https:\/\/radiowebmx.com\/nota\/wp-json\/wp\/v2\/users\/2"}],"replies":[{"embeddable":true,"href":"https:\/\/radiowebmx.com\/nota\/wp-json\/wp\/v2\/comments?post=38227"}],"version-history":[{"count":1,"href":"https:\/\/radiowebmx.com\/nota\/wp-json\/wp\/v2\/posts\/38227\/revisions"}],"predecessor-version":[{"id":38229,"href":"https:\/\/radiowebmx.com\/nota\/wp-json\/wp\/v2\/posts\/38227\/revisions\/38229"}],"wp:featuredmedia":[{"embeddable":true,"href":"https:\/\/radiowebmx.com\/nota\/wp-json\/wp\/v2\/media\/38228"}],"wp:attachment":[{"href":"https:\/\/radiowebmx.com\/nota\/wp-json\/wp\/v2\/media?parent=38227"}],"wp:term":[{"taxonomy":"category","embeddable":true,"href":"https:\/\/radiowebmx.com\/nota\/wp-json\/wp\/v2\/categories?post=38227"},{"taxonomy":"post_tag","embeddable":true,"href":"https:\/\/radiowebmx.com\/nota\/wp-json\/wp\/v2\/tags?post=38227"}],"curies":[{"name":"wp","href":"https:\/\/api.w.org\/{rel}","templated":true}]}}