{"id":38170,"date":"2017-06-19T12:01:14","date_gmt":"2017-06-19T17:01:14","guid":{"rendered":"https:\/\/radiowebmx.com\/nota\/?p=38170"},"modified":"2017-06-19T12:03:53","modified_gmt":"2017-06-19T17:03:53","slug":"por-segundo-fin-de-semana-consecutivo-trabajadores-del-ayuntamiento-limpian-morelia","status":"publish","type":"post","link":"https:\/\/radiowebmx.com\/nota\/por-segundo-fin-de-semana-consecutivo-trabajadores-del-ayuntamiento-limpian-morelia\/","title":{"rendered":"Por segundo fin de semana consecutivo, trabajadores del Ayuntamiento limpian Morelia"},"content":{"rendered":"<p><a href=\"https:\/\/radiowebmx.com\/nota\/wp-content\/uploads\/2017\/06\/26197fc2-5512-4840-bb02-9506da258215.jpg\"><img loading=\"lazy\" decoding=\"async\" class=\"alignnone size-medium wp-image-38171\" src=\"https:\/\/radiowebmx.com\/nota\/wp-content\/uploads\/2017\/06\/26197fc2-5512-4840-bb02-9506da258215-595x334.jpg\" alt=\"\" width=\"595\" height=\"334\" srcset=\"https:\/\/radiowebmx.com\/nota\/wp-content\/uploads\/2017\/06\/26197fc2-5512-4840-bb02-9506da258215-595x334.jpg 595w, https:\/\/radiowebmx.com\/nota\/wp-content\/uploads\/2017\/06\/26197fc2-5512-4840-bb02-9506da258215.jpg 709w\" sizes=\"auto, (max-width: 595px) 100vw, 595px\" \/><\/a><\/p>\n<p>&nbsp;<\/p>\n<p>Por segundo fin de semana consecutivo, trabajadores del Ayuntamiento de Morelia sumaron esfuerzos para limpiar la ciudad y dejar las vialidades en mejores condiciones, esto, a trav\u00e9s del retiro de basura en la v\u00eda p\u00fablica y cuerpos de agua, as\u00ed como de acciones de bacheo en los cuatro sectores de la capital michoacana.<\/p>\n<p>El Secretario de Desarrollo Metropolitano e Infraestructura, Juan Fernando Sosa Tapia, reconoci\u00f3 la gran disposici\u00f3n de los agremiados tanto al Sindicato de Empleados Municipales, Administrativos y Conexos de Morelia \u00a0(SEMACM), como al Sindicato Dem\u00f3crata de Empleados Municipales de Morelia (SIDEMM), quienes han demostrado su compromiso por\u00a0mantener limpia la ciudad durante la temporada de lluvias.<\/p>\n<p>Enfatiz\u00f3 que para el Gobierno Municipal que encabeza el Alcalde, Alfonso Mart\u00ednez Alc\u00e1zar, resulta fundamental fomentar la colaboraci\u00f3n de todos para mantener en \u00f3ptimas condiciones el municipio y con ello evitar inundaciones; \u201cestamos convencidos que s\u00f3lo mediante la participaci\u00f3n ciudadana, la voluntad de los trabajadores y las autoridades, lograremos tener la ciudad que anhelamos y sobre todo disminuir la posibilidad de incidentes mayores en esta \u00e9poca de precipitaciones pluviales\u201d, a\u00f1adi\u00f3.<\/p>\n<p>En este tenor, Sosa Tapia, aprovech\u00f3 para hacer nuevamente un llamado a la poblaci\u00f3n a no tirar basura, ya que este es uno de los principales factores de inundaciones; \u201cdesafortunadamente, seguimos encontrando muchos residuos s\u00f3lidos en estas actividades de limpieza, por ello, pedimos a los morelianos a que tomen conciencia de la importancia de depositar los desechos en los lugares adecuados y mantener en buen estado la ciudad\u201d.<\/p>\n<p>Como parte de estas acciones, los empleados adscritos al SEMACM, que lidera Jorge Molina Baz\u00e1n, se organizaron en 10 brigadas para eliminar los baches de vialidades como las calles Pe\u00f1a y Pe\u00f1a, Juan Escutia, Sargento Manuel de la Rosa, Batalla de Casa Mata, Teniente Alem\u00e1n, Josefa Ortiz de Dom\u00ednguez, Avenida Quinceo, Jos\u00e9 del R\u00edo, por mencionar solo algunas.<\/p>\n<p>Por su parte, los trabajadores sindicalizados hicieron lo propio en las m\u00e1rgenes del R\u00edo Grande a la altura de la base de las combis Ruta Gris y el fraccionamiento Libertad, Donde recogieron una gran cantidad de basura que no lleg\u00f3 al afluente evitando ocasionar taponamientos.<\/p>\n<p>Cabe destacar que a la intensa jornada, no solamente se unieron los familiares de los trabajadores, sino que tambi\u00e9n algunos vecinos que se percataron de la importante acci\u00f3n ayudaron a cargar los costales con maleza y desechos que fueron enviados al relleno sanitario.<\/p>\n<p>El pr\u00f3ximo s\u00e1bado 24 de junio, continuar\u00e1n con las jornadas de limpieza y bacheo con apoyo de los empleados municipales, las cuales se adicionan a las acciones permanentes que se efect\u00faan al respecto.<\/p>\n","protected":false},"excerpt":{"rendered":"<p>&nbsp; Por segundo fin de semana consecutivo, trabajadores del Ayuntamiento de Morelia sumaron esfuerzos para limpiar la ciudad y dejar las vialidades en mejores condiciones, esto, a trav\u00e9s del retiro de basura en la v\u00eda p\u00fablica y cuerpos de agua, as\u00ed como de acciones de bacheo en los cuatro sectores de la capital michoacana. El [&hellip;]<\/p>\n","protected":false},"author":2,"featured_media":38171,"comment_status":"closed","ping_status":"closed","sticky":false,"template":"","format":"standard","meta":{"footnotes":""},"categories":[14,60,9],"tags":[],"class_list":["post-38170","post","type-post","status-publish","format-standard","has-post-thumbnail","hentry","category-destacadas","category-michoacan","category-morelia"],"_links":{"self":[{"href":"https:\/\/radiowebmx.com\/nota\/wp-json\/wp\/v2\/posts\/38170","targetHints":{"allow":["GET"]}}],"collection":[{"href":"https:\/\/radiowebmx.com\/nota\/wp-json\/wp\/v2\/posts"}],"about":[{"href":"https:\/\/radiowebmx.com\/nota\/wp-json\/wp\/v2\/types\/post"}],"author":[{"embeddable":true,"href":"https:\/\/radiowebmx.com\/nota\/wp-json\/wp\/v2\/users\/2"}],"replies":[{"embeddable":true,"href":"https:\/\/radiowebmx.com\/nota\/wp-json\/wp\/v2\/comments?post=38170"}],"version-history":[{"count":1,"href":"https:\/\/radiowebmx.com\/nota\/wp-json\/wp\/v2\/posts\/38170\/revisions"}],"predecessor-version":[{"id":38172,"href":"https:\/\/radiowebmx.com\/nota\/wp-json\/wp\/v2\/posts\/38170\/revisions\/38172"}],"wp:featuredmedia":[{"embeddable":true,"href":"https:\/\/radiowebmx.com\/nota\/wp-json\/wp\/v2\/media\/38171"}],"wp:attachment":[{"href":"https:\/\/radiowebmx.com\/nota\/wp-json\/wp\/v2\/media?parent=38170"}],"wp:term":[{"taxonomy":"category","embeddable":true,"href":"https:\/\/radiowebmx.com\/nota\/wp-json\/wp\/v2\/categories?post=38170"},{"taxonomy":"post_tag","embeddable":true,"href":"https:\/\/radiowebmx.com\/nota\/wp-json\/wp\/v2\/tags?post=38170"}],"curies":[{"name":"wp","href":"https:\/\/api.w.org\/{rel}","templated":true}]}}