{"id":38167,"date":"2017-06-19T12:02:04","date_gmt":"2017-06-19T17:02:04","guid":{"rendered":"https:\/\/radiowebmx.com\/nota\/?p=38167"},"modified":"2017-06-19T12:02:04","modified_gmt":"2017-06-19T17:02:04","slug":"inaugura-secum-tres-exposiciones-en-patzcuaro","status":"publish","type":"post","link":"https:\/\/radiowebmx.com\/nota\/inaugura-secum-tres-exposiciones-en-patzcuaro\/","title":{"rendered":"Inaugura Secum tres exposiciones en P\u00e1tzcuaro"},"content":{"rendered":"<ul>\n<li>El Centro Cultural Antiguo Colegio Jesuita alberga &#8220;Cartograf\u00eda &#8211; El Sentido de la Superficie&#8221;, &#8220;Gr\u00e1fica expandida: construcciones cer\u00e1micas\u201d, y &#8220;Monotipos&#8221;.<\/li>\n<\/ul>\n<div><\/div>\n<ul>\n<li>En la inauguraci\u00f3n, Silvia Figueroa Zamudio, encargada de la pol\u00edtica cultural en Michoac\u00e1n, estuvo acompa\u00f1ada por Myriam Vachez Plagnol, titular de la Secretar\u00eda de Cultura de Jalisco.<\/li>\n<\/ul>\n<p><a href=\"https:\/\/radiowebmx.com\/nota\/wp-content\/uploads\/2017\/06\/3147e62e-26e2-499c-bb66-ad5504e7beaa.jpg\"><img loading=\"lazy\" decoding=\"async\" class=\"alignnone size-medium wp-image-38168\" src=\"https:\/\/radiowebmx.com\/nota\/wp-content\/uploads\/2017\/06\/3147e62e-26e2-499c-bb66-ad5504e7beaa-595x394.jpg\" alt=\"\" width=\"595\" height=\"394\" srcset=\"https:\/\/radiowebmx.com\/nota\/wp-content\/uploads\/2017\/06\/3147e62e-26e2-499c-bb66-ad5504e7beaa-595x394.jpg 595w, https:\/\/radiowebmx.com\/nota\/wp-content\/uploads\/2017\/06\/3147e62e-26e2-499c-bb66-ad5504e7beaa.jpg 709w\" sizes=\"auto, (max-width: 595px) 100vw, 595px\" \/><\/a><\/p>\n<p>&nbsp;<\/p>\n<p><strong>P\u00e1tzcuaro, Michoac\u00e1n, a 19 de junio de 2017.-<\/strong> La Secretar\u00eda de Cultura de Michoac\u00e1n (Secum), inaugur\u00f3 este fin de semana \u201cCartograf\u00eda &#8211; El Sentido de la Superficie\u201d, \u201cGr\u00e1fica expandida: construcciones cer\u00e1micas\u201d, y \u201cMonotipos, Confluencias Creativas en el taller Ram\u00f3n Dur\u00e1n\u201d, muestras que se encuentran albergadas en el Centro Cultural Antiguo Colegio Jesuita de P\u00e1tzcuaro.<\/p>\n<p>A la inauguraci\u00f3n acudi\u00f3 Silvia Figueroa Zamudio, encargada de la pol\u00edtica cultural en la entidad, y quien fue acompa\u00f1ada por Myriam Vachez Plagnol, titular de la Secretar\u00eda de Cultura de Jalisco; Ra\u00fal Calder\u00f3n, director del Centro Cultural Antiguo Colegio Jesuita; Norma Lorena Gaona Far\u00edas, secretaria de Difusi\u00f3n Cultural y Extensi\u00f3n Universitaria de la UMSNH, as\u00ed como Jorge Garrido, secretario de Cultura y Turismo de P\u00e1tzcuaro.<\/p>\n<p>Figueroa Zamudio explic\u00f3 que tres muestras interesantes est\u00e1n aqu\u00ed gracias al apoyo de varias dependencias federales, \u201cbienvenida Myriam Vachez Plagnol, qu\u00e9 bueno que proyectos como este sean el motivo para que est\u00e9s aqu\u00ed con nosotros\u201d. Abund\u00f3 que convergen en estos antiguos espacios del Colegio en una muestra de grabado, artistas de ocho estados de la Rep\u00fablica (m\u00e1s Michoac\u00e1n) que desde hace mucho tiempo se han dedicado a esta bella actividad en distintas partes del pa\u00eds y del mundo.<\/p>\n<p>La titular de la Secum continu\u00f3: \u201cQuiero recordar que el grabado es una de las formas m\u00e1s antiguas con las cuales el ser humano se ha podido manifestar en el arte, desde la apertura del Centro Cultural Antiguo Colegio Jesuita, se le ha asignado a este foro la vocaci\u00f3n de ser un espacio formador de artistas gr\u00e1ficos, aunado a ello, se coordinan y difunden exposiciones de artistas locales, nacionales y extranjeros que nos enriquecen. Deseo se\u00f1alar que Michoac\u00e1n ha sido cuna de diversos y grandes artistas grabadores, como Alfredo Zalce\u201d.<\/p>\n<p>Por su parte, el director del Centro Cultural Antiguo Colegio Jesuita, expres\u00f3 que <em>Monotipos<\/em> se realiz\u00f3 en colaboraci\u00f3n con el Museo Nacional de la Estampa del Instituto Nacional de Bellas Artes. Agradeci\u00f3 de igual forma a las instituciones que apoyan los proyectos de obra gr\u00e1fica y cer\u00e1mica que \u201ces el 60-70 por ciento que el Centro realiza a trav\u00e9s de sus dos talleres de producci\u00f3n que es el de gr\u00e1fica y cer\u00e1mica\u201d.<\/p>\n<p>Cabe mencionar que algunos de los artistas que exponen sus obras tambi\u00e9n se encontraron presentes como: Luc\u00eda Torres (Jalisco), Alberto Huerta (Aguascalientes), Cruz Gilberto L\u00f3pez (Nayarit), Jainite Silvestre (Guanajuato), Claudia S\u00e1enz (Zacatecas), Carolina Ortega (Michoac\u00e1n), entre otros.<\/p>\n<p><strong>Sobre las muestras<\/strong><\/p>\n<p>Resultado del taller \u201cCartograf\u00eda Gr\u00e1fica\u201d, impartido del 5 al 16 de diciembre de 2016, como parte de una serie de talleres del proyecto Formaci\u00f3n Art\u00edstica y Acad\u00e9mica a estudiantes de nivel medio y medio superior del Sistema Educativo Nacional, se realiz\u00f3 la muestra colectiva conformada por 13 piezas con t\u00e9cnica de siligrafia, \u201cCartograf\u00eda \u2013 El Sentido de Superficie\u201d.<\/p>\n<p>Dicha exposici\u00f3n cuenta con obras de Ernesto Giacopeyo; Gloria Lozano; Ioulia Akhmadeeva; Zaizhi Monf\u00f3n; Artemio Rodr\u00edguez, Pablo Querea, Jaime Ignacio Mart\u00ednez, Crist\u00f3bal Tavera, Alejandra Mundo, Velma Valdespino, Dulce Caballero, Otilio Maravel y Carolina Ortega.<\/p>\n<p>Por su parte la muestra \u201cMonotipos, Confluencias Creativas en el taller Ram\u00f3n Dur\u00e1n\u201d, es producto de la colaboraci\u00f3n del Museo Nacional de la Estampa, y el Taller del maestro Ram\u00f3n Dur\u00e1n, donde se realiz\u00f3 la edici\u00f3n y producci\u00f3n de las obras. Dicha exposici\u00f3n consta de 88 estampas con t\u00e9cnica de monotipo de formato mediano. Los creadores son: Alejandro Barr\u00f3n, Alberto Castro Le\u00f1ero, Rene Freire, Krizia Gonz\u00e1lez, Paulina Jaimes, Arturo Lazcano, Enrique Le\u00f3n, Daniel Lezama, Juli\u00e1n Madero, Vicente Mart\u00ednez, Flor Minor, V\u00edctor Mora, Eric P\u00e9rez, Fernando Tam\u00e9s, Roberto Tostado, Filigonio Velasco y Marco Zamudio.<\/p>\n<p>Finalmente \u201cGr\u00e1fica expandida: construcciones cer\u00e1micas\u201d, cuenta con apoyo del Fondo Regional para la Cultura y las Artes zona Centro Occidente, en un proyecto iniciado en julio de 2016, y consta de 10 piezas cer\u00e1micas, los artistas participantes son: Lucia Torres (Jalisco), Azucena Ram\u00edrez Padilla (Colima), Fernando Ortiz Hern\u00e1ndez (Quer\u00e9taro), Alberto Huerta (Aguascalientes), Eduardo Silva Rocha (San Luis Potos\u00ed), Cruz Gilberto L\u00f3pez (Nayarit), Jainite Silvestre (Guanajuato), Claudia S\u00e1enz (Zacatecas), Valent\u00edn Genez y Carolina Ortega (Michoac\u00e1n).<\/p>\n<p>Cabe se\u00f1alar que las tres muestras estar\u00e1n abiertas al p\u00fablico hasta el pr\u00f3ximo 30 de julio.<\/p>\n","protected":false},"excerpt":{"rendered":"<p>El Centro Cultural Antiguo Colegio Jesuita alberga &#8220;Cartograf\u00eda &#8211; El Sentido de la Superficie&#8221;, &#8220;Gr\u00e1fica expandida: construcciones cer\u00e1micas\u201d, y &#8220;Monotipos&#8221;. En la inauguraci\u00f3n, Silvia Figueroa Zamudio, encargada de la pol\u00edtica cultural en Michoac\u00e1n, estuvo acompa\u00f1ada por Myriam Vachez Plagnol, titular de la Secretar\u00eda de Cultura de Jalisco. &nbsp; P\u00e1tzcuaro, Michoac\u00e1n, a 19 de junio de [&hellip;]<\/p>\n","protected":false},"author":2,"featured_media":38168,"comment_status":"closed","ping_status":"closed","sticky":false,"template":"","format":"standard","meta":{"footnotes":""},"categories":[14,3,60],"tags":[],"class_list":["post-38167","post","type-post","status-publish","format-standard","has-post-thumbnail","hentry","category-destacadas","category-gobierno-del-estado-de-michoacan","category-michoacan"],"_links":{"self":[{"href":"https:\/\/radiowebmx.com\/nota\/wp-json\/wp\/v2\/posts\/38167","targetHints":{"allow":["GET"]}}],"collection":[{"href":"https:\/\/radiowebmx.com\/nota\/wp-json\/wp\/v2\/posts"}],"about":[{"href":"https:\/\/radiowebmx.com\/nota\/wp-json\/wp\/v2\/types\/post"}],"author":[{"embeddable":true,"href":"https:\/\/radiowebmx.com\/nota\/wp-json\/wp\/v2\/users\/2"}],"replies":[{"embeddable":true,"href":"https:\/\/radiowebmx.com\/nota\/wp-json\/wp\/v2\/comments?post=38167"}],"version-history":[{"count":1,"href":"https:\/\/radiowebmx.com\/nota\/wp-json\/wp\/v2\/posts\/38167\/revisions"}],"predecessor-version":[{"id":38169,"href":"https:\/\/radiowebmx.com\/nota\/wp-json\/wp\/v2\/posts\/38167\/revisions\/38169"}],"wp:featuredmedia":[{"embeddable":true,"href":"https:\/\/radiowebmx.com\/nota\/wp-json\/wp\/v2\/media\/38168"}],"wp:attachment":[{"href":"https:\/\/radiowebmx.com\/nota\/wp-json\/wp\/v2\/media?parent=38167"}],"wp:term":[{"taxonomy":"category","embeddable":true,"href":"https:\/\/radiowebmx.com\/nota\/wp-json\/wp\/v2\/categories?post=38167"},{"taxonomy":"post_tag","embeddable":true,"href":"https:\/\/radiowebmx.com\/nota\/wp-json\/wp\/v2\/tags?post=38167"}],"curies":[{"name":"wp","href":"https:\/\/api.w.org\/{rel}","templated":true}]}}