{"id":37992,"date":"2017-06-16T13:04:52","date_gmt":"2017-06-16T18:04:52","guid":{"rendered":"https:\/\/radiowebmx.com\/nota\/?p=37992"},"modified":"2017-06-16T13:31:56","modified_gmt":"2017-06-16T18:31:56","slug":"ayuntamiento-de-morelia-refuerza-la-capacitacion-de-empleados-municipales-en-materia-de-derechos-humanos","status":"publish","type":"post","link":"https:\/\/radiowebmx.com\/nota\/ayuntamiento-de-morelia-refuerza-la-capacitacion-de-empleados-municipales-en-materia-de-derechos-humanos\/","title":{"rendered":"Ayuntamiento de Morelia refuerza la capacitaci\u00f3n de empleados municipales en materia de Derechos Humanos"},"content":{"rendered":"<p>&nbsp;<\/p>\n<p><a href=\"https:\/\/radiowebmx.com\/nota\/wp-content\/uploads\/2017\/06\/db30d37e-7382-4fed-b555-1cf7652ace2b.jpeg\"><img loading=\"lazy\" decoding=\"async\" class=\"alignnone size-medium wp-image-37993\" src=\"https:\/\/radiowebmx.com\/nota\/wp-content\/uploads\/2017\/06\/db30d37e-7382-4fed-b555-1cf7652ace2b-595x436.jpeg\" alt=\"\" width=\"595\" height=\"436\" srcset=\"https:\/\/radiowebmx.com\/nota\/wp-content\/uploads\/2017\/06\/db30d37e-7382-4fed-b555-1cf7652ace2b-595x436.jpeg 595w, https:\/\/radiowebmx.com\/nota\/wp-content\/uploads\/2017\/06\/db30d37e-7382-4fed-b555-1cf7652ace2b.jpeg 709w\" sizes=\"auto, (max-width: 595px) 100vw, 595px\" \/><\/a><\/p>\n<p>Para la Administraci\u00f3n Municipal que encabeza el Alcalde, Alfonso Mart\u00ednez Alc\u00e1zar, resulta de suma importancia reforzar las estrategias de capacitaci\u00f3n para los empleados del Ayuntamiento en materia de Derechos Humanos, ya que el respeto a \u00e9stos garantizar\u00e1 brindar a la ciudadan\u00eda el mejor servicio posible.<\/p>\n<p>En respuesta a ello, la Direcci\u00f3n de Derechos Humanos, Mediaci\u00f3n y Conciliaci\u00f3n Municipal, imparti\u00f3 este viernes a sus empleados un curso de capacitaci\u00f3n denominado \u201cDefensa, Respeto y Atenci\u00f3n a los Derechos Humanos en el Gobierno Local\u201d, mismo que en sus 6 horas divididas en 3 m\u00f3dulos, pretende sembrar la semilla de respeto a los derechos, no solamente de la ciudadan\u00eda atendida, sino tambi\u00e9n entre los propios trabajadores municipales.<\/p>\n<p>Con la presencia de la Regidora, Alma Rosa Bahena Villalobos, la titular de la Direcci\u00f3n de Derechos Humanos Municipal, Emilia Bucio, explic\u00f3 que es preponderante que la ciudadan\u00eda conozca sus derechos y los fundamentos legales que los sustentan.<\/p>\n<p>\u201cEs importante que conozcan este curso porque tenemos la visi\u00f3n de tener gente capacitada y sensibilizada, promoviendo la cultura de respeto y evitando en todo momento la discriminaci\u00f3n del tipo que sea\u201d, puntualiz\u00f3.<\/p>\n<p>En una clara muestra de compromiso por parte del Gobierno Municipal por el apego a la justicia, este curso tocar\u00e1 tambi\u00e9n temas de capacitaci\u00f3n de protocolos a seguir, en el caso de que los empleados dieran cuenta de un abuso, violaci\u00f3n o trata de cualquier tipo entre la ciudadan\u00eda.<\/p>\n<p>Al respecto, Emilia Bucio dijo que la impartici\u00f3n de esta clase de conocimientos como \u201cel Protocolo de Palermo\u201d, permitir\u00e1n a los funcionarios municipales tener un panorama amplio de cu\u00e1l es el paso a seguir en caso de que alguno de estos identifique posibles violaciones.<\/p>\n<p>Temas como el respeto de los derechos humanos, cultura de la discriminaci\u00f3n, observancia de derechos humanos en el gobierno local, mediaciones entre partes iguales, trata de personas y m\u00e1s temas de trascendencia, ser\u00e1n tocados en estas capacitaciones en donde tambi\u00e9n participar\u00e1n 14 empleados de la Secretar\u00eda de Administraci\u00f3n Municipal.<\/p>\n<p>Las capacitaciones emitidas por la Direcci\u00f3n de Derechos Humanos de Morelia, continuar\u00e1n para toda la administraci\u00f3n a lo largo del a\u00f1o 2017.<\/p>\n","protected":false},"excerpt":{"rendered":"<p>&nbsp; Para la Administraci\u00f3n Municipal que encabeza el Alcalde, Alfonso Mart\u00ednez Alc\u00e1zar, resulta de suma importancia reforzar las estrategias de capacitaci\u00f3n para los empleados del Ayuntamiento en materia de Derechos Humanos, ya que el respeto a \u00e9stos garantizar\u00e1 brindar a la ciudadan\u00eda el mejor servicio posible. En respuesta a ello, la Direcci\u00f3n de Derechos Humanos, [&hellip;]<\/p>\n","protected":false},"author":2,"featured_media":37993,"comment_status":"closed","ping_status":"closed","sticky":false,"template":"","format":"standard","meta":{"footnotes":""},"categories":[14,60,9],"tags":[],"class_list":["post-37992","post","type-post","status-publish","format-standard","has-post-thumbnail","hentry","category-destacadas","category-michoacan","category-morelia"],"_links":{"self":[{"href":"https:\/\/radiowebmx.com\/nota\/wp-json\/wp\/v2\/posts\/37992","targetHints":{"allow":["GET"]}}],"collection":[{"href":"https:\/\/radiowebmx.com\/nota\/wp-json\/wp\/v2\/posts"}],"about":[{"href":"https:\/\/radiowebmx.com\/nota\/wp-json\/wp\/v2\/types\/post"}],"author":[{"embeddable":true,"href":"https:\/\/radiowebmx.com\/nota\/wp-json\/wp\/v2\/users\/2"}],"replies":[{"embeddable":true,"href":"https:\/\/radiowebmx.com\/nota\/wp-json\/wp\/v2\/comments?post=37992"}],"version-history":[{"count":1,"href":"https:\/\/radiowebmx.com\/nota\/wp-json\/wp\/v2\/posts\/37992\/revisions"}],"predecessor-version":[{"id":37994,"href":"https:\/\/radiowebmx.com\/nota\/wp-json\/wp\/v2\/posts\/37992\/revisions\/37994"}],"wp:featuredmedia":[{"embeddable":true,"href":"https:\/\/radiowebmx.com\/nota\/wp-json\/wp\/v2\/media\/37993"}],"wp:attachment":[{"href":"https:\/\/radiowebmx.com\/nota\/wp-json\/wp\/v2\/media?parent=37992"}],"wp:term":[{"taxonomy":"category","embeddable":true,"href":"https:\/\/radiowebmx.com\/nota\/wp-json\/wp\/v2\/categories?post=37992"},{"taxonomy":"post_tag","embeddable":true,"href":"https:\/\/radiowebmx.com\/nota\/wp-json\/wp\/v2\/tags?post=37992"}],"curies":[{"name":"wp","href":"https:\/\/api.w.org\/{rel}","templated":true}]}}