{"id":37974,"date":"2017-06-15T19:10:03","date_gmt":"2017-06-16T00:10:03","guid":{"rendered":"https:\/\/radiowebmx.com\/nota\/?p=37974"},"modified":"2017-06-16T11:20:36","modified_gmt":"2017-06-16T16:20:36","slug":"en-seleccion-de-consejeros-de-la-cedh-se-privilegiaran-los-mejores-perfiles-angel-cedillo","status":"publish","type":"post","link":"https:\/\/radiowebmx.com\/nota\/en-seleccion-de-consejeros-de-la-cedh-se-privilegiaran-los-mejores-perfiles-angel-cedillo\/","title":{"rendered":"En selecci\u00f3n de consejeros de la CEDH se privilegiar\u00e1n los mejores perfiles: \u00c1ngel Cedillo"},"content":{"rendered":"<p><a href=\"https:\/\/radiowebmx.com\/nota\/wp-content\/uploads\/2017\/06\/Comunicado-837.jpg\"><img loading=\"lazy\" decoding=\"async\" class=\"alignnone size-medium wp-image-37975\" src=\"https:\/\/radiowebmx.com\/nota\/wp-content\/uploads\/2017\/06\/Comunicado-837-595x396.jpg\" alt=\"\" width=\"595\" height=\"396\" srcset=\"https:\/\/radiowebmx.com\/nota\/wp-content\/uploads\/2017\/06\/Comunicado-837-595x396.jpg 595w, https:\/\/radiowebmx.com\/nota\/wp-content\/uploads\/2017\/06\/Comunicado-837.jpg 709w\" sizes=\"auto, (max-width: 595px) 100vw, 595px\" \/><\/a><\/p>\n<p>&nbsp;<\/p>\n<p class=\"x_MsoNormal\"><b>Morelia; Michoac\u00e1n, 15 de junio de 2017.-<\/b> Fortalecer a la Comisi\u00f3n de Derechos Humanos del Estado con un proceso de selecci\u00f3n de sus consejeros en el que se privilegiar\u00e1n los mejores perfiles, es la premisa del Congreso del Estado en esta materia, afirm\u00f3 el legislador \u00c1ngel Cedillo Hern\u00e1ndez, presidente de la Comisi\u00f3n de Justicia en la LXXIII Legislatura Local.<\/p>\n<p class=\"x_MsoNormal\">\n<p class=\"x_MsoNormal\">El diputado integrante del Grupo Parlamentario del PRD, se\u00f1al\u00f3 que para los diputados locales la defensa de los derechos humanos es un tema de primer\u00edsimo orden, por lo que el fortalecer al organismo encargado de velar por ellos es la preocupaci\u00f3n central en la definici\u00f3n de consejeros.<\/p>\n<p class=\"x_MsoNormal\">\n<p class=\"x_MsoNormal\">Inform\u00f3 que el Pleno del Congreso del Estado ya aprob\u00f3 la convocatoria para la selecci\u00f3n de los nuevos consejeros, por lo que los interesados podr\u00e1n inscribirse y presentar sus solicitudes el pr\u00f3ximo tres de julio en la Secretar\u00eda de Servicios Parlamentarios ubicada en Palacio Legislativo, con un horario de nueve de la ma\u00f1ana a tres de la tarde, y de seis de la tarde a nueve de la noche.<\/p>\n<p class=\"x_MsoNormal\">\n<p class=\"x_MsoNormal\">\u201cLos interesados deber\u00e1n ser ciudadanos mexicanos en pleno goce de sus derechos civiles y pol\u00edticos; contar con preparaci\u00f3n acad\u00e9mica y experiencia en materia de derechos humanos; distinguirse por su servicio, inter\u00e9s y participaci\u00f3n en la defensa, difusi\u00f3n y promoci\u00f3n de los derechos humanos; no ser dirigentes o candidatos de partido pol\u00edtico alguno; tampoco deber\u00e1n desempe\u00f1ar ning\u00fan cargo o comisi\u00f3n como servidor p\u00fablico, ni ser ministros de ning\u00fan culto religioso o miembro activo de las fuerzas armadas del pa\u00eds; y, no haber sido condenados por delito doloso, o haberse encontrado sujetos a un procedimiento de queja del que haya derivado recomendaci\u00f3n\u201d.<\/p>\n<p class=\"x_MsoNormal\">\n<p class=\"x_MsoNormal\">El diputado por el Distrito de Uruapan Norte, se\u00f1al\u00f3 que una vez recibidas las solicitudes, los diputados integrantes de las Comisiones de Derechos Humanos y de Justicia del Congreso se reunir\u00e1n para analizarlas y para verificar que la documentaci\u00f3n presentada est\u00e9 completa.<\/p>\n<p class=\"x_MsoNormal\">\n<p class=\"x_MsoNormal\">\u00c1ngel Cedillo, subray\u00f3 que \u201cposteriormente los aspirantes que hayan reunido los requisitos deber\u00e1n comparecer ante las comisiones para realizar una exposici\u00f3n libre en materia de derechos humanos, lo que nos dotar\u00e1 de elementos a los legisladores para armar la propuesta de terna que ser\u00e1 sometida a consideraci\u00f3n del Pleno del Congreso para su votaci\u00f3n\u201d.<\/p>\n","protected":false},"excerpt":{"rendered":"<p>&nbsp; Morelia; Michoac\u00e1n, 15 de junio de 2017.- Fortalecer a la Comisi\u00f3n de Derechos Humanos del Estado con un proceso de selecci\u00f3n de sus consejeros en el que se privilegiar\u00e1n los mejores perfiles, es la premisa del Congreso del Estado en esta materia, afirm\u00f3 el legislador \u00c1ngel Cedillo Hern\u00e1ndez, presidente de la Comisi\u00f3n de Justicia [&hellip;]<\/p>\n","protected":false},"author":2,"featured_media":37975,"comment_status":"closed","ping_status":"closed","sticky":false,"template":"","format":"standard","meta":{"footnotes":""},"categories":[6,14,19],"tags":[],"class_list":["post-37974","post","type-post","status-publish","format-standard","has-post-thumbnail","hentry","category-congreso-del-estado","category-destacadas","category-grupo-parlamentario-del-prd"],"_links":{"self":[{"href":"https:\/\/radiowebmx.com\/nota\/wp-json\/wp\/v2\/posts\/37974","targetHints":{"allow":["GET"]}}],"collection":[{"href":"https:\/\/radiowebmx.com\/nota\/wp-json\/wp\/v2\/posts"}],"about":[{"href":"https:\/\/radiowebmx.com\/nota\/wp-json\/wp\/v2\/types\/post"}],"author":[{"embeddable":true,"href":"https:\/\/radiowebmx.com\/nota\/wp-json\/wp\/v2\/users\/2"}],"replies":[{"embeddable":true,"href":"https:\/\/radiowebmx.com\/nota\/wp-json\/wp\/v2\/comments?post=37974"}],"version-history":[{"count":1,"href":"https:\/\/radiowebmx.com\/nota\/wp-json\/wp\/v2\/posts\/37974\/revisions"}],"predecessor-version":[{"id":37976,"href":"https:\/\/radiowebmx.com\/nota\/wp-json\/wp\/v2\/posts\/37974\/revisions\/37976"}],"wp:featuredmedia":[{"embeddable":true,"href":"https:\/\/radiowebmx.com\/nota\/wp-json\/wp\/v2\/media\/37975"}],"wp:attachment":[{"href":"https:\/\/radiowebmx.com\/nota\/wp-json\/wp\/v2\/media?parent=37974"}],"wp:term":[{"taxonomy":"category","embeddable":true,"href":"https:\/\/radiowebmx.com\/nota\/wp-json\/wp\/v2\/categories?post=37974"},{"taxonomy":"post_tag","embeddable":true,"href":"https:\/\/radiowebmx.com\/nota\/wp-json\/wp\/v2\/tags?post=37974"}],"curies":[{"name":"wp","href":"https:\/\/api.w.org\/{rel}","templated":true}]}}