{"id":37968,"date":"2017-06-15T16:07:21","date_gmt":"2017-06-15T21:07:21","guid":{"rendered":"https:\/\/radiowebmx.com\/nota\/?p=37968"},"modified":"2017-06-16T11:16:16","modified_gmt":"2017-06-16T16:16:16","slug":"con-gran-exito-continuan-las-brigadas-siempre-de-tu-lado-en-las-tenencias-de-morelia","status":"publish","type":"post","link":"https:\/\/radiowebmx.com\/nota\/con-gran-exito-continuan-las-brigadas-siempre-de-tu-lado-en-las-tenencias-de-morelia\/","title":{"rendered":"Con gran \u00e9xito contin\u00faan las brigadas &#8220;Siempre de Tu lado&#8221;, en las tenencias de Morelia"},"content":{"rendered":"<p class=\"x_MsoNormal\"><i>Ahora toco a las tenencias de Tac\u00edcuaro y Jes\u00fas del Monte, en la localidad de San Isidro Itzicuaro, as\u00ed como colonias de la capital del estado, el\u00a0 programa de atenci\u00f3n impulsado por el diputado del PRI, Wilfrido L\u00e1zaro Medina<\/i><i><\/i><\/p>\n<p class=\"x_MsoNormal\"><i>\u00a0<a href=\"https:\/\/radiowebmx.com\/nota\/wp-content\/uploads\/2017\/06\/Comunicado-835-1.jpg\"><img loading=\"lazy\" decoding=\"async\" class=\"alignnone size-medium wp-image-37969\" src=\"https:\/\/radiowebmx.com\/nota\/wp-content\/uploads\/2017\/06\/Comunicado-835-1-595x396.jpg\" alt=\"\" width=\"595\" height=\"396\" srcset=\"https:\/\/radiowebmx.com\/nota\/wp-content\/uploads\/2017\/06\/Comunicado-835-1-595x396.jpg 595w, https:\/\/radiowebmx.com\/nota\/wp-content\/uploads\/2017\/06\/Comunicado-835-1.jpg 709w\" sizes=\"auto, (max-width: 595px) 100vw, 595px\" \/><\/a><\/i><\/p>\n<p class=\"x_MsoNormal\"><b>Morelia; Michoac\u00e1n, 15 de junio de 2017.-<\/b> \u00a0Gran respuesta ha tenido el programa de apoyo a la econom\u00eda familiar \u201cSiempre de tu lado\u201d, que impulsa el diputado del PRI, Wilfrido L\u00e1zaro Medina. En esta ocasi\u00f3n lleg\u00f3 a las tenencias Tac\u00edcuaro y Jes\u00fas del Monte, y las colonias Guadalupe Victoria, Solidaridad, Jardines del Rinc\u00f3n, Villas del Pedregal, Adolfo L\u00f3pez Mateos, La Aldea, Jes\u00fas Romero y Nicol\u00e1s Romero.<\/p>\n<p class=\"x_MsoNormal\">\n<p class=\"x_MsoNormal\">La brigada que forma parte del programa de apoyo a la econom\u00eda familiar ha tenido una respuesta positiva en cientos de habitantes de las colonias de la capital del estado, as\u00ed como de los habitantes de tenencias, quienes han acudido a recibir los servicios ofrecidos por los voluntarios que forman parte de este equipo.<\/p>\n<p class=\"x_MsoNormal\">\n<p class=\"x_MsoNormal\">A trav\u00e9s de este esquema se da una atenci\u00f3n\u00a0 integral, que consiste en la prestaci\u00f3n de servicios m\u00e9dicos, asesor\u00eda nutricional, psicol\u00f3gica, jur\u00eddica, estudios oftalmol\u00f3gicos y la opci\u00f3n de adquirir lentes a bajo costo derivados de esos estudios, cortes de pelo, asesor\u00edas de tr\u00e1mites y gesti\u00f3n ante las dependencias de los tres \u00f3rdenes de gobierno y tambi\u00e9n recreaci\u00f3n con pl\u00e1ticas sobre cultura de paz y prevenci\u00f3n social.<\/p>\n<p class=\"x_MsoNormal\">\n<p class=\"x_MsoNormal\">El diputado tricolor destac\u00f3 que se han enfocado los esfuerzos a las tenencias que han crecido de manera importante durante los \u00faltimos a\u00f1os y que demandan mayor atenci\u00f3n de servicios, tambi\u00e9n se ha priorizado zonas rurales del estado que comparten problemas en com\u00fan, como son crecimiento desordenado, pobreza, inseguridad y descomposici\u00f3n del tejido social.<\/p>\n<p class=\"x_MsoNormal\">\n<p class=\"x_MsoNormal\">Agreg\u00f3 que con estos programas preventivos se contribuye a resolver las problem\u00e1ticas de estas zonas, pero adem\u00e1s se contribuye a que a trav\u00e9s de un equipo interdisciplinario se trabaje en la reconstrucci\u00f3n del tejido social, ya que no s\u00f3lo ofrecen servicios para los ciudadanos, sino que adem\u00e1s sensibilizan sobre la importancia de la paz, tranquilidad y la promoci\u00f3n de la cultura de la legalidad.<\/p>\n<p class=\"x_MsoNormal\">\n<p class=\"x_MsoNormal\">El legislador priista manifest\u00f3 que el inter\u00e9s de ciudadanos ha permitido que la suma de voluntades permita iniciar acciones preventivas, que permitan erradicar de ra\u00edz la problem\u00e1ticas que se vive en la capital michoacana y\u00a0 sus tenencias, que suelen estar en el olvido.<\/p>\n","protected":false},"excerpt":{"rendered":"<p>Ahora toco a las tenencias de Tac\u00edcuaro y Jes\u00fas del Monte, en la localidad de San Isidro Itzicuaro, as\u00ed como colonias de la capital del estado, el\u00a0 programa de atenci\u00f3n impulsado por el diputado del PRI, Wilfrido L\u00e1zaro Medina \u00a0 Morelia; Michoac\u00e1n, 15 de junio de 2017.- \u00a0Gran respuesta ha tenido el programa de apoyo [&hellip;]<\/p>\n","protected":false},"author":2,"featured_media":37969,"comment_status":"closed","ping_status":"closed","sticky":false,"template":"","format":"standard","meta":{"footnotes":""},"categories":[6,14,7],"tags":[],"class_list":["post-37968","post","type-post","status-publish","format-standard","has-post-thumbnail","hentry","category-congreso-del-estado","category-destacadas","category-grupo-parlamentario-del-pri"],"_links":{"self":[{"href":"https:\/\/radiowebmx.com\/nota\/wp-json\/wp\/v2\/posts\/37968","targetHints":{"allow":["GET"]}}],"collection":[{"href":"https:\/\/radiowebmx.com\/nota\/wp-json\/wp\/v2\/posts"}],"about":[{"href":"https:\/\/radiowebmx.com\/nota\/wp-json\/wp\/v2\/types\/post"}],"author":[{"embeddable":true,"href":"https:\/\/radiowebmx.com\/nota\/wp-json\/wp\/v2\/users\/2"}],"replies":[{"embeddable":true,"href":"https:\/\/radiowebmx.com\/nota\/wp-json\/wp\/v2\/comments?post=37968"}],"version-history":[{"count":1,"href":"https:\/\/radiowebmx.com\/nota\/wp-json\/wp\/v2\/posts\/37968\/revisions"}],"predecessor-version":[{"id":37970,"href":"https:\/\/radiowebmx.com\/nota\/wp-json\/wp\/v2\/posts\/37968\/revisions\/37970"}],"wp:featuredmedia":[{"embeddable":true,"href":"https:\/\/radiowebmx.com\/nota\/wp-json\/wp\/v2\/media\/37969"}],"wp:attachment":[{"href":"https:\/\/radiowebmx.com\/nota\/wp-json\/wp\/v2\/media?parent=37968"}],"wp:term":[{"taxonomy":"category","embeddable":true,"href":"https:\/\/radiowebmx.com\/nota\/wp-json\/wp\/v2\/categories?post=37968"},{"taxonomy":"post_tag","embeddable":true,"href":"https:\/\/radiowebmx.com\/nota\/wp-json\/wp\/v2\/tags?post=37968"}],"curies":[{"name":"wp","href":"https:\/\/api.w.org\/{rel}","templated":true}]}}