{"id":37957,"date":"2017-06-15T20:26:09","date_gmt":"2017-06-16T01:26:09","guid":{"rendered":"https:\/\/radiowebmx.com\/nota\/?p=37957"},"modified":"2017-06-16T10:58:09","modified_gmt":"2017-06-16T15:58:09","slug":"michoacan-requiere-de-trabajar-por-objetivos-comunes-a-favor-de-todas-y-todos-julieta-lopez","status":"publish","type":"post","link":"https:\/\/radiowebmx.com\/nota\/michoacan-requiere-de-trabajar-por-objetivos-comunes-a-favor-de-todas-y-todos-julieta-lopez\/","title":{"rendered":"Michoac\u00e1n requiere de trabajar por objetivos comunes a favor de todas y todos: Julieta L\u00f3pez"},"content":{"rendered":"<ul>\n<li>Como enlace del Gobierno del Estado ante el municipio, la Coordinadora General de Comunicaci\u00f3n Social inaugura la segunda etapa de la Unidad Deportiva &#8220;20 de noviembre&#8221; en Zinap\u00e9cuaro.<\/li>\n<\/ul>\n<p><a href=\"https:\/\/radiowebmx.com\/nota\/wp-content\/uploads\/2017\/06\/5a60bfd8-e69c-403d-82ba-e5af44d377d4.jpeg\"><img loading=\"lazy\" decoding=\"async\" class=\"alignnone size-medium wp-image-37958\" src=\"https:\/\/radiowebmx.com\/nota\/wp-content\/uploads\/2017\/06\/5a60bfd8-e69c-403d-82ba-e5af44d377d4-595x396.jpeg\" alt=\"\" width=\"595\" height=\"396\" srcset=\"https:\/\/radiowebmx.com\/nota\/wp-content\/uploads\/2017\/06\/5a60bfd8-e69c-403d-82ba-e5af44d377d4-595x396.jpeg 595w, https:\/\/radiowebmx.com\/nota\/wp-content\/uploads\/2017\/06\/5a60bfd8-e69c-403d-82ba-e5af44d377d4.jpeg 709w\" sizes=\"auto, (max-width: 595px) 100vw, 595px\" \/><\/a><\/p>\n<p><strong>Zinap\u00e9cuaro, Michoac\u00e1n, a 15 de junio de 2017.-<\/strong> La convivencia social, as\u00ed como la pol\u00edtica, requiere de esa capacidad de trabajar por objetivos comunes y hacer a un lado diferencias personales para construir acuerdos que beneficien a todas y todos los michoacanos, apunt\u00f3 la coordinadora general de Comunicaci\u00f3n Social, Julieta L\u00f3pez Bautista, al inaugurar la segunda etapa de la Unidad Deportiva \u201c20 de noviembre\u201d en este municipio.<\/p>\n<p>&nbsp;<\/p>\n<p>Con la representaci\u00f3n del Gobernador Silvano Aureoles Conejo y como enlace del Gobierno del Estado ante este municipio, la titular de la CGCS enfatiz\u00f3 que la l\u00ednea de trabajo del mandatario estatal es que \u201cganamos m\u00e1s sumando\u201d.<\/p>\n<p>&nbsp;<\/p>\n<p>En ese sentido, felicit\u00f3 que esta obra sea resultado de las gestiones de la presidenta municipal Mar\u00eda del Refugio Silva Dur\u00e1n, y la cooperaci\u00f3n de diversas instancias y legisladores.<\/p>\n<p>&nbsp;<\/p>\n<p>Ante decenas de deportistas y familias que se dieron cita al evento, Julieta L\u00f3pez hizo un llamado a la ciudadan\u00eda a trabajar de la mano con el gobierno para llevar a la pr\u00e1ctica los valores de compa\u00f1erismo y colaboraci\u00f3n que nos ense\u00f1a el deporte, y que tanta falta hacen en nuestra vida diaria.<\/p>\n<p>&nbsp;<\/p>\n<p>\u201cNuestro objetivo com\u00fan es sacar adelante a Michoac\u00e1n y que nuestros seres queridos vivan cada vez en mejores condiciones; el objetivo bien vale la pena que trabajemos en equipo\u201d, expres\u00f3.<\/p>\n<p>&nbsp;<\/p>\n<p>Reconoci\u00f3 que para los habitantes de Zinap\u00e9cuaro esta obra representa un anhelo que por muchos a\u00f1os demandaron y mostr\u00f3 su satisfacci\u00f3n por ser testigo de la apertura de la Unidad Deportiva, que representa un espacio digno para la pr\u00e1ctica del deporte.<\/p>\n<p>&nbsp;<\/p>\n<p>\u201cJunto con la cultura, el deporte es uno de los factores m\u00e1s importantes para la cohesi\u00f3n social; son pilares de nuestra convivencia en comunidad, y por ello deben ser tambi\u00e9n prioridades en las pol\u00edticas p\u00fablicas de cualquier gobierno\u201d, destac\u00f3.<\/p>\n<p>&nbsp;<\/p>\n<p>La construcci\u00f3n de la cancha de f\u00fatbol soccer, con pasto sint\u00e9tico y cerco perimetral, tuvo una inversi\u00f3n de 5.8 millones de pesos.<\/p>\n<p>&nbsp;<\/p>\n<p>La alcaldesa Mar\u00eda del Refugio Silva explic\u00f3 que se trata de una de diversas etapas de la obra, la cual se continuar\u00e1 hasta consolidarla como un sitio de competencia deportiva y convivencia familiar, lo que contribuir\u00e1 en la reconstrucci\u00f3n del tejido social.<\/p>\n<p>&nbsp;<\/p>\n<p>Silva Dur\u00e1n reconoci\u00f3 el acompa\u00f1amiento que ha recibido de Julieta L\u00f3pez para concretar estos importantes proyectos a favor de Zinap\u00e9cuaro, as\u00ed como la apertura y disposici\u00f3n del Gobernador Silvano Aureoles para apoyar al municipio.<\/p>\n<p>&nbsp;<\/p>\n<p>De igual manera, en este acto se hizo entrega a la Direcci\u00f3n de Protecci\u00f3n Civil Municipal de una nueva ambulancia, que fortalecer\u00e1 los servicios de atenci\u00f3n a emergencias en esta regi\u00f3n y que es producto del apoyo que mostr\u00f3 la iniciativa privada al Ayuntamiento.<\/p>\n<p>&nbsp;<\/p>\n<p>El acto de apertura se llev\u00f3 a cabo en un ambiente de fiesta, engalanada con la presencia de destacados deportistas como Carlos Heriberto Morales y Mat\u00edas P\u00e9rez, \u00e9ste \u00faltimo con la representaci\u00f3n de su padre \u201cKike\u201d P\u00e9rez, futbolista y padrino de esta unidad.<\/p>\n<p>&nbsp;<\/p>\n<p>Tambi\u00e9n asisti\u00f3 la medallista ol\u00edmpica en taekwondo, Edna Gisel D\u00edaz Acevedo, titular de la Comisi\u00f3n Estatal de Cultura F\u00edsica y Deporte.<\/p>\n<p>&nbsp;<\/p>\n<p>Adem\u00e1s, participaron el secretario de Educaci\u00f3n del estado, Alberto Frutis Sol\u00eds; el vocal ejecutivo del Cedemun, Carlos Alberto Paredes Correa; el diputado federal Norberto Antonio Mart\u00ednez Soto; el representante del Instituto de la Juventud Michoacana, David Mej\u00eda Nieves, e integrantes de clubes de f\u00fatbol como Imperio Monarcas, Atl\u00e9tico Valladolid, de la Liga Femenil y Varonil del municipio, as\u00ed como estudiantes de secundaria en la localidad e integrantes del Cabildo.<\/p>\n","protected":false},"excerpt":{"rendered":"<p>Como enlace del Gobierno del Estado ante el municipio, la Coordinadora General de Comunicaci\u00f3n Social inaugura la segunda etapa de la Unidad Deportiva &#8220;20 de noviembre&#8221; en Zinap\u00e9cuaro. Zinap\u00e9cuaro, Michoac\u00e1n, a 15 de junio de 2017.- La convivencia social, as\u00ed como la pol\u00edtica, requiere de esa capacidad de trabajar por objetivos comunes y hacer a [&hellip;]<\/p>\n","protected":false},"author":2,"featured_media":37958,"comment_status":"closed","ping_status":"closed","sticky":false,"template":"","format":"standard","meta":{"footnotes":""},"categories":[14,3,60],"tags":[],"class_list":["post-37957","post","type-post","status-publish","format-standard","has-post-thumbnail","hentry","category-destacadas","category-gobierno-del-estado-de-michoacan","category-michoacan"],"_links":{"self":[{"href":"https:\/\/radiowebmx.com\/nota\/wp-json\/wp\/v2\/posts\/37957","targetHints":{"allow":["GET"]}}],"collection":[{"href":"https:\/\/radiowebmx.com\/nota\/wp-json\/wp\/v2\/posts"}],"about":[{"href":"https:\/\/radiowebmx.com\/nota\/wp-json\/wp\/v2\/types\/post"}],"author":[{"embeddable":true,"href":"https:\/\/radiowebmx.com\/nota\/wp-json\/wp\/v2\/users\/2"}],"replies":[{"embeddable":true,"href":"https:\/\/radiowebmx.com\/nota\/wp-json\/wp\/v2\/comments?post=37957"}],"version-history":[{"count":1,"href":"https:\/\/radiowebmx.com\/nota\/wp-json\/wp\/v2\/posts\/37957\/revisions"}],"predecessor-version":[{"id":37959,"href":"https:\/\/radiowebmx.com\/nota\/wp-json\/wp\/v2\/posts\/37957\/revisions\/37959"}],"wp:featuredmedia":[{"embeddable":true,"href":"https:\/\/radiowebmx.com\/nota\/wp-json\/wp\/v2\/media\/37958"}],"wp:attachment":[{"href":"https:\/\/radiowebmx.com\/nota\/wp-json\/wp\/v2\/media?parent=37957"}],"wp:term":[{"taxonomy":"category","embeddable":true,"href":"https:\/\/radiowebmx.com\/nota\/wp-json\/wp\/v2\/categories?post=37957"},{"taxonomy":"post_tag","embeddable":true,"href":"https:\/\/radiowebmx.com\/nota\/wp-json\/wp\/v2\/tags?post=37957"}],"curies":[{"name":"wp","href":"https:\/\/api.w.org\/{rel}","templated":true}]}}