{"id":37953,"date":"2017-06-15T20:17:35","date_gmt":"2017-06-16T01:17:35","guid":{"rendered":"https:\/\/radiowebmx.com\/nota\/?p=37953"},"modified":"2017-06-16T10:47:55","modified_gmt":"2017-06-16T15:47:55","slug":"gobierno-municipal-exhorta-a-comerciantes-a-liberar-plazas-y-espacios-publicos-que-ocupan-de-manera-ilegal","status":"publish","type":"post","link":"https:\/\/radiowebmx.com\/nota\/gobierno-municipal-exhorta-a-comerciantes-a-liberar-plazas-y-espacios-publicos-que-ocupan-de-manera-ilegal\/","title":{"rendered":"Gobierno Municipal exhorta a comerciantes a liberar plazas y espacios p\u00fablicos que ocupan de manera ilegal"},"content":{"rendered":"<p><a href=\"https:\/\/radiowebmx.com\/nota\/wp-content\/uploads\/2017\/06\/86e6614a-31f4-44e9-8c7c-c7dc75b5877a.jpeg\"><img loading=\"lazy\" decoding=\"async\" class=\"alignnone size-medium wp-image-37954\" src=\"https:\/\/radiowebmx.com\/nota\/wp-content\/uploads\/2017\/06\/86e6614a-31f4-44e9-8c7c-c7dc75b5877a-595x396.jpeg\" alt=\"\" width=\"595\" height=\"396\" srcset=\"https:\/\/radiowebmx.com\/nota\/wp-content\/uploads\/2017\/06\/86e6614a-31f4-44e9-8c7c-c7dc75b5877a-595x396.jpeg 595w, https:\/\/radiowebmx.com\/nota\/wp-content\/uploads\/2017\/06\/86e6614a-31f4-44e9-8c7c-c7dc75b5877a.jpeg 709w\" sizes=\"auto, (max-width: 595px) 100vw, 595px\" \/><\/a><\/p>\n<p>&nbsp;<\/p>\n<p>Con base en el Reglamento para Centrales de Abasto, Mercados P\u00fablicos Municipales, Plazas Comerciales Municipales y Comercio en la v\u00eda p\u00fablica, la Secretar\u00eda de Servicios P\u00fablicos Municipales a trav\u00e9s de la Direcci\u00f3n de Mercados Municipales, continua su estrategia de exhorto a trav\u00e9s del dialogo, para que los vendedores ambulantes se retiren del Centro Hist\u00f3rico de la Ciudad.<\/p>\n<p>Personal de la mencionada dependencia municipal encabezados por el Secretario de Servicios P\u00fablicos Municipales, Jos\u00e9 Luis Gil V\u00e1zquez y el Director de Mercados, Rodolfo Bucio Ruiz, establecieron un operativo de inspecci\u00f3n en diversas plazas del Centro de Morelia como la Plaza de Armas, Benito Ju\u00e1rez, Valladolid, y Capuchinas para exhortar a los vendedores ambulantes a retirarse de esta zona de la ciudad, en virtud de que el Bando publicado en junio de 2011 en el Peri\u00f3dico Oficial del estado, lo proh\u00edbe.<\/p>\n<p>A pesar de estar sustentado de manera legal, el personal municipal privilegi\u00f3 a lo largo del operativo el dialogo con los diversos ambulantes encontrados en la zona, invitando a retirarse de la misma y, como \u00faltimo recurso, proceder a resguardar la mercanc\u00eda.<\/p>\n<p>Estas acciones corresponden al inter\u00e9s de la Administraci\u00f3n Municipal por resguardar la hist\u00f3rica zona de la ciudad, misma que por sus facultades arquitect\u00f3nicas y culturales, erige a Morelia como una de las Ciudades Patrimonio Cultural de la Humanidad, estatus establecido por la UNESCO.<\/p>\n<p>Asimismo, pretenden liberar estos espacios de comerciantes que se encuentran de manera ilegal, para que la ciudadan\u00eda transite con libertad y seguridad.<\/p>\n","protected":false},"excerpt":{"rendered":"<p>&nbsp; Con base en el Reglamento para Centrales de Abasto, Mercados P\u00fablicos Municipales, Plazas Comerciales Municipales y Comercio en la v\u00eda p\u00fablica, la Secretar\u00eda de Servicios P\u00fablicos Municipales a trav\u00e9s de la Direcci\u00f3n de Mercados Municipales, continua su estrategia de exhorto a trav\u00e9s del dialogo, para que los vendedores ambulantes se retiren del Centro Hist\u00f3rico [&hellip;]<\/p>\n","protected":false},"author":2,"featured_media":37954,"comment_status":"closed","ping_status":"closed","sticky":false,"template":"","format":"standard","meta":{"footnotes":""},"categories":[14,60,9],"tags":[],"class_list":["post-37953","post","type-post","status-publish","format-standard","has-post-thumbnail","hentry","category-destacadas","category-michoacan","category-morelia"],"_links":{"self":[{"href":"https:\/\/radiowebmx.com\/nota\/wp-json\/wp\/v2\/posts\/37953","targetHints":{"allow":["GET"]}}],"collection":[{"href":"https:\/\/radiowebmx.com\/nota\/wp-json\/wp\/v2\/posts"}],"about":[{"href":"https:\/\/radiowebmx.com\/nota\/wp-json\/wp\/v2\/types\/post"}],"author":[{"embeddable":true,"href":"https:\/\/radiowebmx.com\/nota\/wp-json\/wp\/v2\/users\/2"}],"replies":[{"embeddable":true,"href":"https:\/\/radiowebmx.com\/nota\/wp-json\/wp\/v2\/comments?post=37953"}],"version-history":[{"count":1,"href":"https:\/\/radiowebmx.com\/nota\/wp-json\/wp\/v2\/posts\/37953\/revisions"}],"predecessor-version":[{"id":37955,"href":"https:\/\/radiowebmx.com\/nota\/wp-json\/wp\/v2\/posts\/37953\/revisions\/37955"}],"wp:featuredmedia":[{"embeddable":true,"href":"https:\/\/radiowebmx.com\/nota\/wp-json\/wp\/v2\/media\/37954"}],"wp:attachment":[{"href":"https:\/\/radiowebmx.com\/nota\/wp-json\/wp\/v2\/media?parent=37953"}],"wp:term":[{"taxonomy":"category","embeddable":true,"href":"https:\/\/radiowebmx.com\/nota\/wp-json\/wp\/v2\/categories?post=37953"},{"taxonomy":"post_tag","embeddable":true,"href":"https:\/\/radiowebmx.com\/nota\/wp-json\/wp\/v2\/tags?post=37953"}],"curies":[{"name":"wp","href":"https:\/\/api.w.org\/{rel}","templated":true}]}}