{"id":37946,"date":"2017-06-15T19:52:10","date_gmt":"2017-06-16T00:52:10","guid":{"rendered":"https:\/\/radiowebmx.com\/nota\/?p=37946"},"modified":"2017-06-16T10:43:42","modified_gmt":"2017-06-16T15:43:42","slug":"ijum-invita-a-participar-en-el-2-cabildo-juvenil-2017","status":"publish","type":"post","link":"https:\/\/radiowebmx.com\/nota\/ijum-invita-a-participar-en-el-2-cabildo-juvenil-2017\/","title":{"rendered":"IJUM invita a participar en el \u201c2\u00b0 Cabildo Juvenil 2017\u201d"},"content":{"rendered":"<table class=\"x_mcnTextBlock\" border=\"0\" width=\"100%\" cellspacing=\"0\" cellpadding=\"0\">\n<tbody class=\"x_mcnTextBlockOuter\">\n<tr>\n<td class=\"x_mcnTextBlockInner\" valign=\"top\">\n<table class=\"x_mcnTextContentContainer\" border=\"0\" width=\"100%\" cellspacing=\"0\" cellpadding=\"0\" align=\"left\">\n<tbody>\n<tr>\n<td class=\"x_mcnTextContent\" valign=\"top\">\n<ul>\n<li>La recepci\u00f3n de propuestas para mejorar el municipio de Morelia estar\u00e1 abierta hasta el pr\u00f3ximo 7 de julio.<\/li>\n<\/ul>\n<div><\/div>\n<ul>\n<li>Los 15 j\u00f3venes que integrar\u00e1n el \u201c2\u00b0 Cabildo Juvenil 2017\u201d recibir\u00e1n atractivos est\u00edmulos econ\u00f3micos.<\/li>\n<\/ul>\n<div>\n<\/div>\n<div><a href=\"https:\/\/radiowebmx.com\/nota\/wp-content\/uploads\/2017\/06\/3504df3c-c61a-4b1a-84bd-bf943c9d5a41.jpeg\"><img loading=\"lazy\" decoding=\"async\" class=\"alignnone size-medium wp-image-37947\" src=\"https:\/\/radiowebmx.com\/nota\/wp-content\/uploads\/2017\/06\/3504df3c-c61a-4b1a-84bd-bf943c9d5a41-595x396.jpeg\" alt=\"\" width=\"595\" height=\"396\" srcset=\"https:\/\/radiowebmx.com\/nota\/wp-content\/uploads\/2017\/06\/3504df3c-c61a-4b1a-84bd-bf943c9d5a41-595x396.jpeg 595w, https:\/\/radiowebmx.com\/nota\/wp-content\/uploads\/2017\/06\/3504df3c-c61a-4b1a-84bd-bf943c9d5a41.jpeg 709w\" sizes=\"auto, (max-width: 595px) 100vw, 595px\" \/><\/a><\/p>\n<p>El Ayuntamiento a trav\u00e9s del Instituto de la Juventud Moreliana (IJUM) que encabeza la Directora, Ana Cristina Prado Mart\u00ednez anunci\u00f3 que la convocatoria sigue abierta para recibir las aportaciones de los j\u00f3venes en la construcci\u00f3n de m\u00e1s y mejores pol\u00edticas p\u00fablicas en favor de este sector de la poblaci\u00f3n y la comunidad en general, a trav\u00e9s del \u201c2\u00b0 Cabildo Juvenil 2017\u201d.<\/p>\n<p>La fecha l\u00edmite para entregar estos trabajos sea f\u00edsicamente o v\u00eda internet ser\u00e1 hasta el pr\u00f3ximo 7 de julio, en la que los j\u00f3venes podr\u00e1n participar en tres categor\u00edas: Iniciativa o punto de acuerdo; Propuesta; y Proyecto de Pol\u00edtica P\u00fablica.<\/p>\n<p>Prado Mart\u00ednez record\u00f3 que otro de los objetivos es involucrar a la juventud moreliana en las propuestas de pol\u00edticas p\u00fablicas que beneficien la calidad de vida en el municipio.<\/p>\n<p>Es de recordar que los 15 j\u00f3venes ser\u00e1n seleccionados por un Comit\u00e9 Organizador instalado el pasado 8 de junio del presente a\u00f1o, los elegidos fungir\u00e1n a lo largo de 3 d\u00edas en los cargos de Presidente, S\u00edndico, Secretario del Ayuntamiento y 12 Regidores, cuyas actividades incluir\u00e1n capacitaci\u00f3n en temas de inter\u00e9s p\u00fablico, trabajo en comisiones y una sesi\u00f3n de Cabildo, misma que se realizar\u00e1n del 14 al 16 de agosto en Palacio Municipal.<\/p>\n<p>Los principales requisitos son:<\/p><\/div>\n<ul>\n<li>Ser moreliano de nacimiento o contar con una residencia comprobable de al menos 6 meses en la ciudad.<\/li>\n<li>Tener entre 18 y 29 a\u00f1os cumplidos al d\u00eda de la instalaci\u00f3n del Cabildo Juvenil.<\/li>\n<li>Se abstendr\u00e1n de participar los funcionarios y empleados del Ayuntamiento de Morelia, as\u00ed como sus familiares en primer grado colateral o descendente.<\/li>\n<\/ul>\n<div>\nLa recepci\u00f3n de las propuestas por parte de los aspirantes se llevar\u00e1 a cabo en las instalaciones del Instituto de la Juventud Moreliana, ubicadas en la Avenida Periodismo s\/n de la Colonia Nueva Valladolid o en la p\u00e1gina web ijum.morelia.gob.mx\/cabildojuvenil, en donde adem\u00e1s se podr\u00e1 consultar la convocatoria completa.<\/p>\n<p>La fecha de publicaci\u00f3n de resultados ser\u00e1 el d\u00eda 06 de agosto del 2017, la cual se realizar\u00e1 a trav\u00e9s del portal electr\u00f3nico oficial del Ayuntamiento de Morelia, <a href=\"http:\/\/gob.us11.list-manage.com\/track\/click?u=4006ac058ed166735585eb757&amp;id=a764624295&amp;e=fbc79edfe0\" target=\"_blank\" rel=\"noopener noreferrer\">www.morelia.gob.mx<\/a> y en sus redes sociales oficiales as\u00ed como del Instituto de la Juventud Moreliana.<\/div>\n<\/td>\n<\/tr>\n<\/tbody>\n<\/table>\n<\/td>\n<\/tr>\n<\/tbody>\n<\/table>\n<table class=\"x_mcnTextBlock\" border=\"0\" width=\"100%\" cellspacing=\"0\" cellpadding=\"0\">\n<tbody class=\"x_mcnTextBlockOuter\">\n<tr>\n<td class=\"x_mcnTextBlockInner\" valign=\"top\"><\/td>\n<\/tr>\n<\/tbody>\n<\/table>\n","protected":false},"excerpt":{"rendered":"<p>La recepci\u00f3n de propuestas para mejorar el municipio de Morelia estar\u00e1 abierta hasta el pr\u00f3ximo 7 de julio. Los 15 j\u00f3venes que integrar\u00e1n el \u201c2\u00b0 Cabildo Juvenil 2017\u201d recibir\u00e1n atractivos est\u00edmulos econ\u00f3micos. El Ayuntamiento a trav\u00e9s del Instituto de la Juventud Moreliana (IJUM) que encabeza la Directora, Ana Cristina Prado Mart\u00ednez anunci\u00f3 que la convocatoria [&hellip;]<\/p>\n","protected":false},"author":2,"featured_media":37947,"comment_status":"closed","ping_status":"closed","sticky":false,"template":"","format":"standard","meta":{"footnotes":""},"categories":[14,60,9],"tags":[],"class_list":["post-37946","post","type-post","status-publish","format-standard","has-post-thumbnail","hentry","category-destacadas","category-michoacan","category-morelia"],"_links":{"self":[{"href":"https:\/\/radiowebmx.com\/nota\/wp-json\/wp\/v2\/posts\/37946","targetHints":{"allow":["GET"]}}],"collection":[{"href":"https:\/\/radiowebmx.com\/nota\/wp-json\/wp\/v2\/posts"}],"about":[{"href":"https:\/\/radiowebmx.com\/nota\/wp-json\/wp\/v2\/types\/post"}],"author":[{"embeddable":true,"href":"https:\/\/radiowebmx.com\/nota\/wp-json\/wp\/v2\/users\/2"}],"replies":[{"embeddable":true,"href":"https:\/\/radiowebmx.com\/nota\/wp-json\/wp\/v2\/comments?post=37946"}],"version-history":[{"count":1,"href":"https:\/\/radiowebmx.com\/nota\/wp-json\/wp\/v2\/posts\/37946\/revisions"}],"predecessor-version":[{"id":37948,"href":"https:\/\/radiowebmx.com\/nota\/wp-json\/wp\/v2\/posts\/37946\/revisions\/37948"}],"wp:featuredmedia":[{"embeddable":true,"href":"https:\/\/radiowebmx.com\/nota\/wp-json\/wp\/v2\/media\/37947"}],"wp:attachment":[{"href":"https:\/\/radiowebmx.com\/nota\/wp-json\/wp\/v2\/media?parent=37946"}],"wp:term":[{"taxonomy":"category","embeddable":true,"href":"https:\/\/radiowebmx.com\/nota\/wp-json\/wp\/v2\/categories?post=37946"},{"taxonomy":"post_tag","embeddable":true,"href":"https:\/\/radiowebmx.com\/nota\/wp-json\/wp\/v2\/tags?post=37946"}],"curies":[{"name":"wp","href":"https:\/\/api.w.org\/{rel}","templated":true}]}}