{"id":37943,"date":"2017-06-15T19:09:08","date_gmt":"2017-06-16T00:09:08","guid":{"rendered":"https:\/\/radiowebmx.com\/nota\/?p=37943"},"modified":"2017-06-16T10:39:33","modified_gmt":"2017-06-16T15:39:33","slug":"atiende-iifeem-necesidades-de-escuelas-de-querendaro","status":"publish","type":"post","link":"https:\/\/radiowebmx.com\/nota\/atiende-iifeem-necesidades-de-escuelas-de-querendaro\/","title":{"rendered":"Atiende IIFEEM necesidades de escuelas de Quer\u00e9ndaro"},"content":{"rendered":"<p><a href=\"https:\/\/radiowebmx.com\/nota\/wp-content\/uploads\/2017\/06\/a2b0c43c-26c5-4845-85f2-fa85ca0def0a.jpg\"><img loading=\"lazy\" decoding=\"async\" class=\"alignnone size-medium wp-image-37944\" src=\"https:\/\/radiowebmx.com\/nota\/wp-content\/uploads\/2017\/06\/a2b0c43c-26c5-4845-85f2-fa85ca0def0a-595x394.jpg\" alt=\"\" width=\"595\" height=\"394\" srcset=\"https:\/\/radiowebmx.com\/nota\/wp-content\/uploads\/2017\/06\/a2b0c43c-26c5-4845-85f2-fa85ca0def0a-595x394.jpg 595w, https:\/\/radiowebmx.com\/nota\/wp-content\/uploads\/2017\/06\/a2b0c43c-26c5-4845-85f2-fa85ca0def0a.jpg 709w\" sizes=\"auto, (max-width: 595px) 100vw, 595px\" \/><\/a><\/p>\n<p>&nbsp;<\/p>\n<p><strong>Quer\u00e9ndaro, Michoac\u00e1n, a 15 de junio de 2017.-\u00a0<\/strong>La\u00a0directora general del Instituto de la Infraestructura F\u00edsica Educativa del Estado de Michoac\u00e1n (IIFEEM),\u00a0Mar\u00eda Guadalupe D\u00edaz Chagolla, visit\u00f3 diversos planteles de este municipio para conocer y atender sus necesidades.<\/p>\n<p>Acompa\u00f1ada del alcalde David Bedolla Mart\u00ednez y ante autoridades educativas y estudiantes, la funcionaria estatal reiter\u00f3 que una de las prioridades del Gobernador Silvano Aureoles Conejo es brindar una mejor educaci\u00f3n, que sea de calidad, con infraestructura y espacios.<\/p>\n<p>En su oportunidad, el mun\u00edcipe agradeci\u00f3 el apoyo del Gobierno del Estado y reconoci\u00f3 que gracias al trabajo que encabeza el mandatario estatal han sido dignificadas cientos de escuelas de toda la entidad, en beneficio de ni\u00f1os y j\u00f3venes.<\/p>\n<p>La directora general del IIFEEM visit\u00f3 los Telebachilleratos 136 y 137, ubicados en las comunidades de San Jos\u00e9 de la Cumbre y Pueblo Viejo, respectivamente, y cuyas necesidades de infraestructura ser\u00e1n atendidas.<\/p>\n<p>Posteriormente, en la comunidad de R\u00edo de Parras, visit\u00f3 la Primaria Rural Federal \u201cJacinto Camacho\u201d, y la Telesecundaria \u201cVicente Guerrero\u201d, donde se realizan trabajos con recursos del programa Escuelas al CIEN, que registran un avance del 95 por ciento.<\/p>\n","protected":false},"excerpt":{"rendered":"<p>&nbsp; Quer\u00e9ndaro, Michoac\u00e1n, a 15 de junio de 2017.-\u00a0La\u00a0directora general del Instituto de la Infraestructura F\u00edsica Educativa del Estado de Michoac\u00e1n (IIFEEM),\u00a0Mar\u00eda Guadalupe D\u00edaz Chagolla, visit\u00f3 diversos planteles de este municipio para conocer y atender sus necesidades. Acompa\u00f1ada del alcalde David Bedolla Mart\u00ednez y ante autoridades educativas y estudiantes, la funcionaria estatal reiter\u00f3 que una [&hellip;]<\/p>\n","protected":false},"author":2,"featured_media":37944,"comment_status":"closed","ping_status":"closed","sticky":false,"template":"","format":"standard","meta":{"footnotes":""},"categories":[14,3,60],"tags":[],"class_list":["post-37943","post","type-post","status-publish","format-standard","has-post-thumbnail","hentry","category-destacadas","category-gobierno-del-estado-de-michoacan","category-michoacan"],"_links":{"self":[{"href":"https:\/\/radiowebmx.com\/nota\/wp-json\/wp\/v2\/posts\/37943","targetHints":{"allow":["GET"]}}],"collection":[{"href":"https:\/\/radiowebmx.com\/nota\/wp-json\/wp\/v2\/posts"}],"about":[{"href":"https:\/\/radiowebmx.com\/nota\/wp-json\/wp\/v2\/types\/post"}],"author":[{"embeddable":true,"href":"https:\/\/radiowebmx.com\/nota\/wp-json\/wp\/v2\/users\/2"}],"replies":[{"embeddable":true,"href":"https:\/\/radiowebmx.com\/nota\/wp-json\/wp\/v2\/comments?post=37943"}],"version-history":[{"count":1,"href":"https:\/\/radiowebmx.com\/nota\/wp-json\/wp\/v2\/posts\/37943\/revisions"}],"predecessor-version":[{"id":37945,"href":"https:\/\/radiowebmx.com\/nota\/wp-json\/wp\/v2\/posts\/37943\/revisions\/37945"}],"wp:featuredmedia":[{"embeddable":true,"href":"https:\/\/radiowebmx.com\/nota\/wp-json\/wp\/v2\/media\/37944"}],"wp:attachment":[{"href":"https:\/\/radiowebmx.com\/nota\/wp-json\/wp\/v2\/media?parent=37943"}],"wp:term":[{"taxonomy":"category","embeddable":true,"href":"https:\/\/radiowebmx.com\/nota\/wp-json\/wp\/v2\/categories?post=37943"},{"taxonomy":"post_tag","embeddable":true,"href":"https:\/\/radiowebmx.com\/nota\/wp-json\/wp\/v2\/tags?post=37943"}],"curies":[{"name":"wp","href":"https:\/\/api.w.org\/{rel}","templated":true}]}}