{"id":37936,"date":"2017-06-15T18:37:53","date_gmt":"2017-06-15T23:37:53","guid":{"rendered":"https:\/\/radiowebmx.com\/nota\/?p=37936"},"modified":"2017-06-16T10:34:40","modified_gmt":"2017-06-16T15:34:40","slug":"anuncia-dif-morelia-curso-de-verano-en-la-ludoteca-del-bosque-cuauhtemoc","status":"publish","type":"post","link":"https:\/\/radiowebmx.com\/nota\/anuncia-dif-morelia-curso-de-verano-en-la-ludoteca-del-bosque-cuauhtemoc\/","title":{"rendered":"Anuncia DIF Morelia curso de verano en la Ludoteca del Bosque Cuauht\u00e9moc"},"content":{"rendered":"<p><a href=\"https:\/\/radiowebmx.com\/nota\/wp-content\/uploads\/2017\/06\/4f11a065-31c6-48c2-9364-31f70d58b33f.jpeg\"><img loading=\"lazy\" decoding=\"async\" class=\"alignnone size-medium wp-image-37938\" src=\"https:\/\/radiowebmx.com\/nota\/wp-content\/uploads\/2017\/06\/4f11a065-31c6-48c2-9364-31f70d58b33f-595x598.jpeg\" alt=\"\" width=\"595\" height=\"598\" srcset=\"https:\/\/radiowebmx.com\/nota\/wp-content\/uploads\/2017\/06\/4f11a065-31c6-48c2-9364-31f70d58b33f-595x598.jpeg 595w, https:\/\/radiowebmx.com\/nota\/wp-content\/uploads\/2017\/06\/4f11a065-31c6-48c2-9364-31f70d58b33f-120x120.jpeg 120w, https:\/\/radiowebmx.com\/nota\/wp-content\/uploads\/2017\/06\/4f11a065-31c6-48c2-9364-31f70d58b33f.jpeg 709w\" sizes=\"auto, (max-width: 595px) 100vw, 595px\" \/><\/a><\/p>\n<p>&nbsp;<\/p>\n<p>Con la finalidad de brindar un espacio de dispersi\u00f3n y aprendizaje para los ni\u00f1os as\u00ed como apoyar a los padres de familia durante el periodo vacacional, el DIF Morelia abrir\u00e1 el segundo curso de verano en la Ludoteca Municipal.<\/p>\n<p>Lo anterior, fue dado a conocer por la Directora de Desarrollo Integral del Ni\u00f1o, Karla Ochoa Cort\u00e9s, quien mencion\u00f3 que el a\u00f1o pasado en la primera edici\u00f3n de estos cursos se pudo contar con una participaci\u00f3n de aproximadamente 300 infantes.<\/p>\n<p>Adem\u00e1s dijo que estos cursos estar\u00e1n enfocados a distintas \u00e1reas, tales como arte, yoga, educaci\u00f3n f\u00edsica, baile, reciclaje, papiroflexia, recreaci\u00f3n acu\u00e1tica, manualidades, cocina, tae kwon do y lectura, asimismo confirm\u00f3 que ha sido a partir del presente 15 de junio cuando se comenz\u00f3 con las inscripciones, siendo estas en las instalaciones de la Ludoteca del Bosque Cuauht\u00e9moc.<\/p>\n<p>La Directora hizo \u00e9nfasis en que todos los ni\u00f1os de 3 a 10 a\u00f1os ser\u00e1n bienvenidos a estos ya mencionados cursos, los cuales tienen un cupo limitado de 30 integrantes y requisitos b\u00e1sicos como la copia del acta de nacimiento, copia del INE y CURP, as\u00ed como tambi\u00e9n la cuota de recuperaci\u00f3n para iniciar el curso.<\/p>\n<p>Al respecto, la funcionaria municipal destac\u00f3 que el objetivo es brindar una opci\u00f3n m\u00e1s a las familias que necesitan darles una actividad a sus hijos durante el periodo vacacional \u201cy que puedan seguir trabajando con la tranquilidad de que sus hijos est\u00e1n divirti\u00e9ndose y aprendiendo en un lugar seguro\u201d.<\/p>\n<p>Para garantizar la seguridad de los ni\u00f1os que acudir\u00e1n al curso de verano, el DIF Morelia dispuso el cierre del \u00e1rea de juegos infantiles del Bosque Cuauht\u00e9moc hasta las 13:00 horas durante el periodo del 17 de julio al 11 de agosto y a partir de esa hora los juegos estar\u00e1n abiertos con normalidad todos los d\u00edas.<\/p>\n<p>En el caso de la Ludoteca, el inmueble estar\u00e1 cerrado hasta las 15:00 horas en el mismo periodo, para permitir la entrega a los padres de familia de todos los ni\u00f1os que acudir\u00e1n al curso de verano y desde esa hora las instalaciones seguir\u00e1n dando servicio al resto de la ciudadan\u00eda.<\/p>\n","protected":false},"excerpt":{"rendered":"<p>&nbsp; Con la finalidad de brindar un espacio de dispersi\u00f3n y aprendizaje para los ni\u00f1os as\u00ed como apoyar a los padres de familia durante el periodo vacacional, el DIF Morelia abrir\u00e1 el segundo curso de verano en la Ludoteca Municipal. Lo anterior, fue dado a conocer por la Directora de Desarrollo Integral del Ni\u00f1o, Karla [&hellip;]<\/p>\n","protected":false},"author":2,"featured_media":37937,"comment_status":"closed","ping_status":"closed","sticky":false,"template":"","format":"standard","meta":{"footnotes":""},"categories":[14,60,9],"tags":[],"class_list":["post-37936","post","type-post","status-publish","format-standard","has-post-thumbnail","hentry","category-destacadas","category-michoacan","category-morelia"],"_links":{"self":[{"href":"https:\/\/radiowebmx.com\/nota\/wp-json\/wp\/v2\/posts\/37936","targetHints":{"allow":["GET"]}}],"collection":[{"href":"https:\/\/radiowebmx.com\/nota\/wp-json\/wp\/v2\/posts"}],"about":[{"href":"https:\/\/radiowebmx.com\/nota\/wp-json\/wp\/v2\/types\/post"}],"author":[{"embeddable":true,"href":"https:\/\/radiowebmx.com\/nota\/wp-json\/wp\/v2\/users\/2"}],"replies":[{"embeddable":true,"href":"https:\/\/radiowebmx.com\/nota\/wp-json\/wp\/v2\/comments?post=37936"}],"version-history":[{"count":1,"href":"https:\/\/radiowebmx.com\/nota\/wp-json\/wp\/v2\/posts\/37936\/revisions"}],"predecessor-version":[{"id":37939,"href":"https:\/\/radiowebmx.com\/nota\/wp-json\/wp\/v2\/posts\/37936\/revisions\/37939"}],"wp:featuredmedia":[{"embeddable":true,"href":"https:\/\/radiowebmx.com\/nota\/wp-json\/wp\/v2\/media\/37937"}],"wp:attachment":[{"href":"https:\/\/radiowebmx.com\/nota\/wp-json\/wp\/v2\/media?parent=37936"}],"wp:term":[{"taxonomy":"category","embeddable":true,"href":"https:\/\/radiowebmx.com\/nota\/wp-json\/wp\/v2\/categories?post=37936"},{"taxonomy":"post_tag","embeddable":true,"href":"https:\/\/radiowebmx.com\/nota\/wp-json\/wp\/v2\/tags?post=37936"}],"curies":[{"name":"wp","href":"https:\/\/api.w.org\/{rel}","templated":true}]}}