{"id":37930,"date":"2017-06-15T18:12:42","date_gmt":"2017-06-15T23:12:42","guid":{"rendered":"https:\/\/radiowebmx.com\/nota\/?p=37930"},"modified":"2017-06-16T10:30:30","modified_gmt":"2017-06-16T15:30:30","slug":"concluyo-el-segundo-foro-ecologico-estatal-cobaem-2017","status":"publish","type":"post","link":"https:\/\/radiowebmx.com\/nota\/concluyo-el-segundo-foro-ecologico-estatal-cobaem-2017\/","title":{"rendered":"Concluy\u00f3 el Segundo Foro Ecol\u00f3gico Estatal Cobaem 2017"},"content":{"rendered":"<p><a href=\"https:\/\/radiowebmx.com\/nota\/wp-content\/uploads\/2017\/06\/60b0d631-bac1-411c-9dee-37b9ee47cb81.jpg\"><img loading=\"lazy\" decoding=\"async\" class=\"alignnone size-medium wp-image-37931\" src=\"https:\/\/radiowebmx.com\/nota\/wp-content\/uploads\/2017\/06\/60b0d631-bac1-411c-9dee-37b9ee47cb81-595x397.jpg\" alt=\"\" width=\"595\" height=\"397\" srcset=\"https:\/\/radiowebmx.com\/nota\/wp-content\/uploads\/2017\/06\/60b0d631-bac1-411c-9dee-37b9ee47cb81-595x397.jpg 595w, https:\/\/radiowebmx.com\/nota\/wp-content\/uploads\/2017\/06\/60b0d631-bac1-411c-9dee-37b9ee47cb81.jpg 709w\" sizes=\"auto, (max-width: 595px) 100vw, 595px\" \/><\/a><\/p>\n<p>&nbsp;<\/p>\n<p><strong>Morelia, Michoac\u00e1n, a 15 de junio de 2017.-<\/strong>\u00a0Con gran \u00e9xito concluy\u00f3 el Segundo Foro Ecol\u00f3gico Estatal Cobaem 2017, donde 915 estudiantes del Colegio de Bachilleres del Estado de Michoac\u00e1n (Cobaem) participaron durante tres d\u00edas en diversas actividades relacionadas con la ecolog\u00eda.<\/p>\n<p>El director acad\u00e9mico del subsistema, Gonzalo Ferreyra Garc\u00eda, mencion\u00f3 que desde el inicio de las actividades se mostr\u00f3 gran inter\u00e9s por asumir y comprender todo lo relacionado a la sustentabilidad ambiental.<\/p>\n<p>\u201cAgradezco la participaci\u00f3n de conferencistas, talleristas y docentes, porque a trav\u00e9s de los trabajos realizados se obtuvieron importantes conocimientos en esta materia. Mi reconocimiento la Universidad Aut\u00f3noma de M\u00e9xico, a la Secretar\u00eda de Educaci\u00f3n en el Estado y a la Universidad Michoacana de San Nicol\u00e1s de Hidalgo, que nos compartieron cinco conferencias magistrales\u201d, refiri\u00f3.<\/p>\n<p>El directivo del Cobaem destac\u00f3 la gran participaci\u00f3n en los concursos de cartel, fotograf\u00eda y cuento, as\u00ed como una exposici\u00f3n de taxidermia por parte del Zool\u00f3gico de Morelia, y otra exposici\u00f3n de material reciclado.<\/p>\n<p>Finalmente, recalc\u00f3 que se super\u00f3 la asistencia del a\u00f1o pasado y que\u00a0las participaciones fueron m\u00e1s activas, concluyendo con interesantes aportaciones por parte de las y los bachilleres.<\/p>\n","protected":false},"excerpt":{"rendered":"<p>&nbsp; Morelia, Michoac\u00e1n, a 15 de junio de 2017.-\u00a0Con gran \u00e9xito concluy\u00f3 el Segundo Foro Ecol\u00f3gico Estatal Cobaem 2017, donde 915 estudiantes del Colegio de Bachilleres del Estado de Michoac\u00e1n (Cobaem) participaron durante tres d\u00edas en diversas actividades relacionadas con la ecolog\u00eda. El director acad\u00e9mico del subsistema, Gonzalo Ferreyra Garc\u00eda, mencion\u00f3 que desde el inicio [&hellip;]<\/p>\n","protected":false},"author":2,"featured_media":37931,"comment_status":"closed","ping_status":"closed","sticky":false,"template":"","format":"standard","meta":{"footnotes":""},"categories":[14,3,60],"tags":[],"class_list":["post-37930","post","type-post","status-publish","format-standard","has-post-thumbnail","hentry","category-destacadas","category-gobierno-del-estado-de-michoacan","category-michoacan"],"_links":{"self":[{"href":"https:\/\/radiowebmx.com\/nota\/wp-json\/wp\/v2\/posts\/37930","targetHints":{"allow":["GET"]}}],"collection":[{"href":"https:\/\/radiowebmx.com\/nota\/wp-json\/wp\/v2\/posts"}],"about":[{"href":"https:\/\/radiowebmx.com\/nota\/wp-json\/wp\/v2\/types\/post"}],"author":[{"embeddable":true,"href":"https:\/\/radiowebmx.com\/nota\/wp-json\/wp\/v2\/users\/2"}],"replies":[{"embeddable":true,"href":"https:\/\/radiowebmx.com\/nota\/wp-json\/wp\/v2\/comments?post=37930"}],"version-history":[{"count":1,"href":"https:\/\/radiowebmx.com\/nota\/wp-json\/wp\/v2\/posts\/37930\/revisions"}],"predecessor-version":[{"id":37932,"href":"https:\/\/radiowebmx.com\/nota\/wp-json\/wp\/v2\/posts\/37930\/revisions\/37932"}],"wp:featuredmedia":[{"embeddable":true,"href":"https:\/\/radiowebmx.com\/nota\/wp-json\/wp\/v2\/media\/37931"}],"wp:attachment":[{"href":"https:\/\/radiowebmx.com\/nota\/wp-json\/wp\/v2\/media?parent=37930"}],"wp:term":[{"taxonomy":"category","embeddable":true,"href":"https:\/\/radiowebmx.com\/nota\/wp-json\/wp\/v2\/categories?post=37930"},{"taxonomy":"post_tag","embeddable":true,"href":"https:\/\/radiowebmx.com\/nota\/wp-json\/wp\/v2\/tags?post=37930"}],"curies":[{"name":"wp","href":"https:\/\/api.w.org\/{rel}","templated":true}]}}