{"id":37927,"date":"2017-06-15T17:57:28","date_gmt":"2017-06-15T22:57:28","guid":{"rendered":"https:\/\/radiowebmx.com\/nota\/?p=37927"},"modified":"2017-06-16T10:28:35","modified_gmt":"2017-06-16T15:28:35","slug":"inicia-el-xix-encuentro-academico-regional-investigaciones-en-proceso","status":"publish","type":"post","link":"https:\/\/radiowebmx.com\/nota\/inicia-el-xix-encuentro-academico-regional-investigaciones-en-proceso\/","title":{"rendered":"Inicia el XIX Encuentro Acad\u00e9mico Regional Investigaciones en Proceso"},"content":{"rendered":"<p><a href=\"https:\/\/radiowebmx.com\/nota\/wp-content\/uploads\/2017\/06\/c6d67cf2-a0d1-43f9-939c-53e007f199c7.jpg\"><img loading=\"lazy\" decoding=\"async\" class=\"alignnone size-medium wp-image-37928\" src=\"https:\/\/radiowebmx.com\/nota\/wp-content\/uploads\/2017\/06\/c6d67cf2-a0d1-43f9-939c-53e007f199c7-595x446.jpg\" alt=\"\" width=\"595\" height=\"446\" srcset=\"https:\/\/radiowebmx.com\/nota\/wp-content\/uploads\/2017\/06\/c6d67cf2-a0d1-43f9-939c-53e007f199c7-595x446.jpg 595w, https:\/\/radiowebmx.com\/nota\/wp-content\/uploads\/2017\/06\/c6d67cf2-a0d1-43f9-939c-53e007f199c7.jpg 709w\" sizes=\"auto, (max-width: 595px) 100vw, 595px\" \/><\/a><\/p>\n<p>&nbsp;<\/p>\n<p><strong>Zit\u00e1cuaro, Michoac\u00e1n, a 15 de junio de 2017.-<\/strong>\u00a0La escuela no debe transmitir \u00fanicamente conocimientos, pues tambi\u00e9n es su obligaci\u00f3n preocuparse por la formaci\u00f3n integral de los alumnos, por lo que es necesario saber trabajar con las diferencias y reconocerlas, sostuvo el director general del Instituto Michoacano de Ciencias de la Educaci\u00f3n (IMCED), Javier Irepan Hacha, al dar apertura a los trabajos del XIX Encuentro Acad\u00e9mico Regional Investigaciones en Proceso \u201cEl proyecto de investigaci\u00f3n\u201d.<\/p>\n<p>Ante m\u00e1s de 700 participantes, en su mayor\u00eda pasantes y tesistas, apunt\u00f3 que en las \u00faltimas d\u00e9cadas se ha registrado un cambio en el devenir de la humanidad, pues los problemas se han transformado en amenazas globales para el planeta, destacando entre ellas la exclusi\u00f3n econ\u00f3mica, social y educativa, la subversi\u00f3n de las relaciones humanas, la destrucci\u00f3n del medio ambiente y la crisi ecol\u00f3gica.<\/p>\n<p>Consider\u00f3 que la educaci\u00f3n se conduce ahora como si se tratara de una guerra educativa en la que se busca conseguir y mantener ventajas competitivas que hagan salir del campo de batalla como vencedores.<\/p>\n<p>\u201cA la educaci\u00f3n se le quiere medir con los mismos par\u00e1metros que a la producci\u00f3n, la despersonalizaci\u00f3n, el eficientismo y el severo juicio de mercado, llegando a ser su funci\u00f3n primordial no la producci\u00f3n de teor\u00edas o el entendimiento de lo que significa esta manera de enfocar la realidad, sino c\u00f3mo contribuir al triunfo de la confrontaci\u00f3n y salir avante en las competencias\u201d, dijo.<\/p>\n<p>Ante lo anterior, se\u00f1al\u00f3, resulta f\u00e1cil comprender el sentido y alcance del nuevo modelo educativo: su desarticulaci\u00f3n con los contextos regionales y locales, su falta de sentido social e idea de buscar responsabilizar como \u00fanico actor de los malos resultados educativos al maestro, como si el hecho educativo no se tratara de un fen\u00f3meno m\u00e1s complejo y policausal.<\/p>\n<p>Concluy\u00f3 que se requiere una educaci\u00f3n para la diversidad; de una sociedad multicultural que eduque al ser humano para que que sea capaz de o\u00edr, prestar atenci\u00f3n a lo diferente, respetarlo, porque eso es una forma m\u00e1s avanzada de convivencia social.<\/p>\n<p>El director de Gobernaci\u00f3n de la Secretar\u00eda de Gobierno, V\u00edctor Manuel Lara Vidales, hizo la declaratoria formal de inauguraci\u00f3n de los trabajos, no sin antes destacar la presencia del IMCED en diversas regiones de la geograf\u00eda michoacana, as\u00ed como su aporte al desarrollo educativo y laboral de la entidad.<\/p>\n<p>Por su parte, el director del plantel Zit\u00e1cuaro del IMCED, No\u00e9 Jim\u00e9nez Mendoza, destac\u00f3 el apoyo brindado por el Gbierno del Estado, que encabeza Silvano Aureoles Conejo, para fortalecer la participaci\u00f3n de los alumnos que se preparan en la instituci\u00f3n, mediante programas como Beca Futuro.<\/p>\n<p>Los contenidos que se ofrecer\u00e1n incluyen conferencias magistrales, talleres tem\u00e1ticos, mesas de an\u00e1lisis, revisi\u00f3n de proyectos de investigaci\u00f3n y actividades culturales, dirigidas principalmente a investigadores interesados en la tem\u00e1tica y a estudiantes de los \u00faltimos semestres del nivel superior que pretendan mejorar sus pr\u00e1cticas de investigaci\u00f3n.<\/p>\n","protected":false},"excerpt":{"rendered":"<p>&nbsp; Zit\u00e1cuaro, Michoac\u00e1n, a 15 de junio de 2017.-\u00a0La escuela no debe transmitir \u00fanicamente conocimientos, pues tambi\u00e9n es su obligaci\u00f3n preocuparse por la formaci\u00f3n integral de los alumnos, por lo que es necesario saber trabajar con las diferencias y reconocerlas, sostuvo el director general del Instituto Michoacano de Ciencias de la Educaci\u00f3n (IMCED), Javier Irepan [&hellip;]<\/p>\n","protected":false},"author":2,"featured_media":37928,"comment_status":"closed","ping_status":"closed","sticky":false,"template":"","format":"standard","meta":{"footnotes":""},"categories":[14,3,60],"tags":[],"class_list":["post-37927","post","type-post","status-publish","format-standard","has-post-thumbnail","hentry","category-destacadas","category-gobierno-del-estado-de-michoacan","category-michoacan"],"_links":{"self":[{"href":"https:\/\/radiowebmx.com\/nota\/wp-json\/wp\/v2\/posts\/37927","targetHints":{"allow":["GET"]}}],"collection":[{"href":"https:\/\/radiowebmx.com\/nota\/wp-json\/wp\/v2\/posts"}],"about":[{"href":"https:\/\/radiowebmx.com\/nota\/wp-json\/wp\/v2\/types\/post"}],"author":[{"embeddable":true,"href":"https:\/\/radiowebmx.com\/nota\/wp-json\/wp\/v2\/users\/2"}],"replies":[{"embeddable":true,"href":"https:\/\/radiowebmx.com\/nota\/wp-json\/wp\/v2\/comments?post=37927"}],"version-history":[{"count":1,"href":"https:\/\/radiowebmx.com\/nota\/wp-json\/wp\/v2\/posts\/37927\/revisions"}],"predecessor-version":[{"id":37929,"href":"https:\/\/radiowebmx.com\/nota\/wp-json\/wp\/v2\/posts\/37927\/revisions\/37929"}],"wp:featuredmedia":[{"embeddable":true,"href":"https:\/\/radiowebmx.com\/nota\/wp-json\/wp\/v2\/media\/37928"}],"wp:attachment":[{"href":"https:\/\/radiowebmx.com\/nota\/wp-json\/wp\/v2\/media?parent=37927"}],"wp:term":[{"taxonomy":"category","embeddable":true,"href":"https:\/\/radiowebmx.com\/nota\/wp-json\/wp\/v2\/categories?post=37927"},{"taxonomy":"post_tag","embeddable":true,"href":"https:\/\/radiowebmx.com\/nota\/wp-json\/wp\/v2\/tags?post=37927"}],"curies":[{"name":"wp","href":"https:\/\/api.w.org\/{rel}","templated":true}]}}