{"id":37920,"date":"2017-06-15T14:47:22","date_gmt":"2017-06-15T19:47:22","guid":{"rendered":"https:\/\/radiowebmx.com\/nota\/?p=37920"},"modified":"2017-06-16T10:23:23","modified_gmt":"2017-06-16T15:23:23","slug":"serial-nacional-de-motocross-2017-opcion-ideal-para-celebrar-a-los-padres-este-fin-de-semana","status":"publish","type":"post","link":"https:\/\/radiowebmx.com\/nota\/serial-nacional-de-motocross-2017-opcion-ideal-para-celebrar-a-los-padres-este-fin-de-semana\/","title":{"rendered":"Serial Nacional de Motocross 2017, opci\u00f3n ideal para celebrar a los padres este fin de semana"},"content":{"rendered":"<p><a href=\"https:\/\/radiowebmx.com\/nota\/wp-content\/uploads\/2017\/06\/3019e44c-5d32-4f34-804d-0e9291c20c2a.jpeg\"><img loading=\"lazy\" decoding=\"async\" class=\"alignnone size-medium wp-image-37922\" src=\"https:\/\/radiowebmx.com\/nota\/wp-content\/uploads\/2017\/06\/3019e44c-5d32-4f34-804d-0e9291c20c2a-595x396.jpeg\" alt=\"\" width=\"595\" height=\"396\" srcset=\"https:\/\/radiowebmx.com\/nota\/wp-content\/uploads\/2017\/06\/3019e44c-5d32-4f34-804d-0e9291c20c2a-595x396.jpeg 595w, https:\/\/radiowebmx.com\/nota\/wp-content\/uploads\/2017\/06\/3019e44c-5d32-4f34-804d-0e9291c20c2a.jpeg 709w\" sizes=\"auto, (max-width: 595px) 100vw, 595px\" \/><\/a><\/p>\n<p>&nbsp;<\/p>\n<p>\u201cRecuperamos la confianza de ustedes para poder hacer este evento en nuestra ciudad despu\u00e9s de m\u00e1s de 10 a\u00f1os\u201d, con estas palabras, el Presidente Municipal de Morelia, Alfonso Mart\u00ednez Alc\u00e1zar, agradeci\u00f3 en rueda de prensa a Luis Enrique Aguilar, organizador del Serial Nacional de Motocross 2017, por haber elegido a la ciudad como sede de nueva cuenta luego de una larga ausencia, y se mostr\u00f3 complacido y lleno de orgullo por asumir los retos que un evento de este nivel conlleva, adem\u00e1s de convertirse en una opci\u00f3n ideal para celebrar a los padres de familia este fin de semana.<\/p>\n<p>\u201cEste evento, uno de los m\u00e1s importantes de este a\u00f1o, nos llena de orgullo por la confianza y porque estamos resolviendo retos como el de cambiar y construir la pista oficial en tan poco tiempo, adecuando un espacio que va a gustar mucho a los competidores, y esperamos que con motivo del D\u00eda del Padre muchas personas disfruten de este espect\u00e1culo\u201d, subray\u00f3.<\/p>\n<p>En este tenor, el Alcalde resalt\u00f3 que ya se encuentran registrados m\u00e1s de 300 profesionales del Motocross inscritos en la competencia, quienes provienen de diversos lugares del pa\u00eds y del extranjero, y los cuales arribar\u00e1n acompa\u00f1ados por sus familias, por lo que se espera en la ciudad la presencia de mil 800 personas for\u00e1neas este fin de semana, solamente por los competidores, adem\u00e1s de los 5 mil como p\u00fablico en la competencia.<\/p>\n<p>Mart\u00ednez Alc\u00e1zar dijo que resulta de suma importancia el que los visitantes vivan la experiencia de la calidez de los morelianos, provocando as\u00ed que se hable de la mejor manera de Morelia en el resto del pa\u00eds y dejando como resultado la organizaci\u00f3n de m\u00e1s eventos de este nivel en el municipio.<\/p>\n<p>Por su parte, Luis Enrique Aguilar, organizador del evento, destac\u00f3 que si no hubiera sido por la suma de esfuerzos y la sinergia entre los Gobiernos Municipal y Estatal, ser\u00eda imposible regresar este espect\u00e1culo a la Capital Michoacana, donde dijo, tienen altas expectativas.<\/p>\n<p>\u201cLos atletas vienen porque conf\u00edan en nosotros, porque conf\u00edan en Alfonso, se est\u00e1 brindando todo el apoyo de seguridad y log\u00edstica, nos sentimos c\u00f3modos y queremos que los visitantes se lleven esta idea de Morelia\u201d, destac\u00f3.<\/p>\n<p>Con costos de 50 pesos por adulto, 30 en preventa para pap\u00e1s y ni\u00f1os gratis, en el Nacional de Motocross 2017 se espera la presencia de m\u00e1s de 5 mil personas, extranjeros confirmados ya de 5 pa\u00edses y visitantes de 25 estados de la rep\u00fablica, mismos que vivir\u00e1n la experiencia de este espect\u00e1culo deportivo de primer nivel y de la belleza arquitect\u00f3nica, gastron\u00f3mica y cultural de Morelia.<\/p>\n<p>La competencia iniciar\u00e1 este s\u00e1bado en punto de las 9:00 horas, en la pista oficial adecuada en el Boulevard Alfredo Salce de la Zona de Tres Mar\u00edas en Morelia.<\/p>\n","protected":false},"excerpt":{"rendered":"<p>&nbsp; \u201cRecuperamos la confianza de ustedes para poder hacer este evento en nuestra ciudad despu\u00e9s de m\u00e1s de 10 a\u00f1os\u201d, con estas palabras, el Presidente Municipal de Morelia, Alfonso Mart\u00ednez Alc\u00e1zar, agradeci\u00f3 en rueda de prensa a Luis Enrique Aguilar, organizador del Serial Nacional de Motocross 2017, por haber elegido a la ciudad como sede [&hellip;]<\/p>\n","protected":false},"author":2,"featured_media":37922,"comment_status":"closed","ping_status":"closed","sticky":false,"template":"","format":"standard","meta":{"footnotes":""},"categories":[14,60,9],"tags":[],"class_list":["post-37920","post","type-post","status-publish","format-standard","has-post-thumbnail","hentry","category-destacadas","category-michoacan","category-morelia"],"_links":{"self":[{"href":"https:\/\/radiowebmx.com\/nota\/wp-json\/wp\/v2\/posts\/37920","targetHints":{"allow":["GET"]}}],"collection":[{"href":"https:\/\/radiowebmx.com\/nota\/wp-json\/wp\/v2\/posts"}],"about":[{"href":"https:\/\/radiowebmx.com\/nota\/wp-json\/wp\/v2\/types\/post"}],"author":[{"embeddable":true,"href":"https:\/\/radiowebmx.com\/nota\/wp-json\/wp\/v2\/users\/2"}],"replies":[{"embeddable":true,"href":"https:\/\/radiowebmx.com\/nota\/wp-json\/wp\/v2\/comments?post=37920"}],"version-history":[{"count":1,"href":"https:\/\/radiowebmx.com\/nota\/wp-json\/wp\/v2\/posts\/37920\/revisions"}],"predecessor-version":[{"id":37923,"href":"https:\/\/radiowebmx.com\/nota\/wp-json\/wp\/v2\/posts\/37920\/revisions\/37923"}],"wp:featuredmedia":[{"embeddable":true,"href":"https:\/\/radiowebmx.com\/nota\/wp-json\/wp\/v2\/media\/37922"}],"wp:attachment":[{"href":"https:\/\/radiowebmx.com\/nota\/wp-json\/wp\/v2\/media?parent=37920"}],"wp:term":[{"taxonomy":"category","embeddable":true,"href":"https:\/\/radiowebmx.com\/nota\/wp-json\/wp\/v2\/categories?post=37920"},{"taxonomy":"post_tag","embeddable":true,"href":"https:\/\/radiowebmx.com\/nota\/wp-json\/wp\/v2\/tags?post=37920"}],"curies":[{"name":"wp","href":"https:\/\/api.w.org\/{rel}","templated":true}]}}