{"id":37902,"date":"2017-06-15T13:59:11","date_gmt":"2017-06-15T18:59:11","guid":{"rendered":"https:\/\/radiowebmx.com\/nota\/?p=37902"},"modified":"2017-06-15T14:45:48","modified_gmt":"2017-06-15T19:45:48","slug":"el-ceconexpo-presente-en-el-tianguis-de-convenciones-mas-importante-de-al","status":"publish","type":"post","link":"https:\/\/radiowebmx.com\/nota\/el-ceconexpo-presente-en-el-tianguis-de-convenciones-mas-importante-de-al\/","title":{"rendered":"El Ceconexpo, presente en el \u201cTianguis de Convenciones\u201d m\u00e1s importante de AL"},"content":{"rendered":"<ul>\n<li>Promueve a la capital michoacana como el destino ideal para convenciones o viajes de incentivo en el Meeting Place M\u00e9xico 2017.<\/li>\n<\/ul>\n<p><a href=\"https:\/\/radiowebmx.com\/nota\/wp-content\/uploads\/2017\/06\/9cecdf5d-818a-4138-8524-a419eb97edea.jpg\"><img loading=\"lazy\" decoding=\"async\" class=\"alignnone size-medium wp-image-37903\" src=\"https:\/\/radiowebmx.com\/nota\/wp-content\/uploads\/2017\/06\/9cecdf5d-818a-4138-8524-a419eb97edea-595x446.jpg\" alt=\"\" width=\"595\" height=\"446\" srcset=\"https:\/\/radiowebmx.com\/nota\/wp-content\/uploads\/2017\/06\/9cecdf5d-818a-4138-8524-a419eb97edea-595x446.jpg 595w, https:\/\/radiowebmx.com\/nota\/wp-content\/uploads\/2017\/06\/9cecdf5d-818a-4138-8524-a419eb97edea.jpg 709w\" sizes=\"auto, (max-width: 595px) 100vw, 595px\" \/><\/a><\/p>\n<p><strong>Morelia, Michoac\u00e1n, a 15 de junio de 2017.-<\/strong>\u00a0El Centro de Convenciones y Exposiciones (Ceconexpo) de Morelia, en coordinaci\u00f3n con las Secretar\u00edas de Turismo estatal y municipal, participa en el Meeting Place M\u00e9xico 2017, conocido tambi\u00e9n como el \u201cTianguis de Convenciones\u201d m\u00e1s importante de Latinoam\u00e9rica, que celebra 15 a\u00f1os de existencia.<\/p>\n<p>El Meeting Place M\u00e9xico 2017 (MPM) es considerado el encuentro\u00a0de mayor importancia en Latinoam\u00e9rica dentro de la industria de reuniones, donde se dan cita los proveedores y compradores m\u00e1s calificados del mundo del ramo.<\/p>\n<p>Consolidado como el evento que genera mayores negocios en piso, el MPM fue el punto de encuentro para promocionar a la capital michoacana como el destino ideal para convenciones o viajes de incentivo.<\/p>\n<p>El director general del Ceconexpo de Morelia, Oscar Celis Silva, inform\u00f3 que durante la exposici\u00f3n participaron m\u00e1s de 100 meeting planners de M\u00e9xico, Estados Unidos, Canad\u00e1 y Europa.<\/p>\n<p>Se\u00f1al\u00f3 que es una buena oportunidad para posicionar a Michoac\u00e1n como destino ideal para la realizaci\u00f3n de convenciones, de nivel nacional e internacional, por su ubicaci\u00f3n, infraestructura, gastronom\u00eda, entre otros factores que son prioritarios para los organizadores de este tipo de eventos.<\/p>\n<p>Durante los tres d\u00edas de participaci\u00f3n en este evento, celebrado en Quintana Roo, el Ceconexpo tuvo alrededor de 30 citas de negocios con meetings planners de Per\u00fa, Estados Unidos, Canad\u00e1 y M\u00e9xico, quienes fueron los principales interesados en traer sus eventos a Michoac\u00e1n.<\/p>\n","protected":false},"excerpt":{"rendered":"<p>Promueve a la capital michoacana como el destino ideal para convenciones o viajes de incentivo en el Meeting Place M\u00e9xico 2017. Morelia, Michoac\u00e1n, a 15 de junio de 2017.-\u00a0El Centro de Convenciones y Exposiciones (Ceconexpo) de Morelia, en coordinaci\u00f3n con las Secretar\u00edas de Turismo estatal y municipal, participa en el Meeting Place M\u00e9xico 2017, conocido [&hellip;]<\/p>\n","protected":false},"author":2,"featured_media":37903,"comment_status":"closed","ping_status":"closed","sticky":false,"template":"","format":"standard","meta":{"footnotes":""},"categories":[14,3,60],"tags":[],"class_list":["post-37902","post","type-post","status-publish","format-standard","has-post-thumbnail","hentry","category-destacadas","category-gobierno-del-estado-de-michoacan","category-michoacan"],"_links":{"self":[{"href":"https:\/\/radiowebmx.com\/nota\/wp-json\/wp\/v2\/posts\/37902","targetHints":{"allow":["GET"]}}],"collection":[{"href":"https:\/\/radiowebmx.com\/nota\/wp-json\/wp\/v2\/posts"}],"about":[{"href":"https:\/\/radiowebmx.com\/nota\/wp-json\/wp\/v2\/types\/post"}],"author":[{"embeddable":true,"href":"https:\/\/radiowebmx.com\/nota\/wp-json\/wp\/v2\/users\/2"}],"replies":[{"embeddable":true,"href":"https:\/\/radiowebmx.com\/nota\/wp-json\/wp\/v2\/comments?post=37902"}],"version-history":[{"count":1,"href":"https:\/\/radiowebmx.com\/nota\/wp-json\/wp\/v2\/posts\/37902\/revisions"}],"predecessor-version":[{"id":37904,"href":"https:\/\/radiowebmx.com\/nota\/wp-json\/wp\/v2\/posts\/37902\/revisions\/37904"}],"wp:featuredmedia":[{"embeddable":true,"href":"https:\/\/radiowebmx.com\/nota\/wp-json\/wp\/v2\/media\/37903"}],"wp:attachment":[{"href":"https:\/\/radiowebmx.com\/nota\/wp-json\/wp\/v2\/media?parent=37902"}],"wp:term":[{"taxonomy":"category","embeddable":true,"href":"https:\/\/radiowebmx.com\/nota\/wp-json\/wp\/v2\/categories?post=37902"},{"taxonomy":"post_tag","embeddable":true,"href":"https:\/\/radiowebmx.com\/nota\/wp-json\/wp\/v2\/tags?post=37902"}],"curies":[{"name":"wp","href":"https:\/\/api.w.org\/{rel}","templated":true}]}}