{"id":37870,"date":"2017-06-14T17:27:16","date_gmt":"2017-06-14T22:27:16","guid":{"rendered":"https:\/\/radiowebmx.com\/nota\/?p=37870"},"modified":"2017-06-15T11:28:44","modified_gmt":"2017-06-15T16:28:44","slug":"procede-juicio-politico-contra-el-presidente-municipal-de-jacona-diputados","status":"publish","type":"post","link":"https:\/\/radiowebmx.com\/nota\/procede-juicio-politico-contra-el-presidente-municipal-de-jacona-diputados\/","title":{"rendered":"Procede juicio pol\u00edtico contra el Presidente Municipal de Jacona: diputados"},"content":{"rendered":"<p class=\"x_gmail-MsoListParagraphCxSpFirst\"><span style=\"font-family: tahoma, sans-serif;\"> <i><span lang=\"ES-MX\">El pasado 9 de mayo diversos ciudadanos presentaron la denuncia contra Rub\u00e9n Cabrera Ram\u00edrez. Las comisiones de Gobernaci\u00f3n y Puntos Constitucionales elaboraron dictamen.<\/span><\/i><\/span><\/p>\n<p><a href=\"https:\/\/radiowebmx.com\/nota\/wp-content\/uploads\/2017\/06\/DSC_9704.jpg\"><img loading=\"lazy\" decoding=\"async\" class=\"alignnone size-medium wp-image-37871\" src=\"https:\/\/radiowebmx.com\/nota\/wp-content\/uploads\/2017\/06\/DSC_9704-595x396.jpg\" alt=\"\" width=\"595\" height=\"396\" srcset=\"https:\/\/radiowebmx.com\/nota\/wp-content\/uploads\/2017\/06\/DSC_9704-595x396.jpg 595w, https:\/\/radiowebmx.com\/nota\/wp-content\/uploads\/2017\/06\/DSC_9704.jpg 709w\" sizes=\"auto, (max-width: 595px) 100vw, 595px\" \/><\/a><\/p>\n<p>&nbsp;<\/p>\n<p class=\"x_gmail-Default\"><span style=\"font-family: tahoma, sans-serif;\"><b><span lang=\"ES-MX\">Morelia, Michoac\u00e1n; 14 de junio de 2017.- <\/span><\/b><span lang=\"ES-MX\">El Pleno del Congreso del <\/span><span lang=\"ES-MX\">Estado de Michoac\u00e1n declar\u00f3 procedente la denuncia de juicio pol\u00edtico presentada por <\/span><span lang=\"ES-MX\">Ren\u00e9 Valencia Mendoza y diversos ciudadanos, en contra de Rub\u00e9n Cabrera Ram\u00edrez, Presidente Municipal del Ayuntamiento de Jacona, de conformidad con el <\/span><span lang=\"ES-MX\">art\u00edculo 108 de la Constituci\u00f3n Pol\u00edtica del Estado Libre y Soberano de Michoac\u00e1n de Ocampo y los art\u00edculos 29, 30 fracci\u00f3n V y 32 de la Ley de Responsabilidades y Registro Patrimonial de los Servidores P\u00fablicos del Estado de Michoac\u00e1n y sus Municipios.<\/span><\/span><\/p>\n<p class=\"x_gmail-Default\"><span lang=\"ES-MX\"><span style=\"font-family: tahoma, sans-serif;\">El dictamen elaborado por las Comisiones de Gobernaci\u00f3n y de Puntos Constitucionales, establece que derivado de las pruebas ofrecidas por diversos ciudadanos, el se\u00f1alado ha incurrido en responsabilidades administrativas, al abusar del cargo de Presidente Municipal que desempe\u00f1a, permitiendo que su hija, Mariela Cabrera Arias, se ostente como directora del Sistema para el Desarrollo Integral de la Familia del Ayuntamiento que preside, a pesar del impedimento legal que contempla la Ley Org\u00e1nica Municipal del Estado de Michoac\u00e1n de Ocampo, en los art\u00edculos 68 y 68 bis.<\/span><\/span><\/p>\n<p class=\"x_gmail-Default\"><span style=\"font-family: tahoma, sans-serif;\"><span lang=\"ES-MX\">De la misma forma, incurre en responsabilidad al designar al ciudadano U<\/span><span lang=\"ES-MX\">lises Mart\u00edn Urbina, como Director del Organismo Operador de Sistemas de Agua Potable y Alcantarillado de Jacona SAPAJ, sabiendo del impedimento legal, al ser \u00e9ste esposo de su hermana, Martha Leticia Cabrera Ram\u00edrez, violentando de igual forma con esta designaci\u00f3n los art\u00edculos 68 y 68 bis de la Ley Org\u00e1nica Municipal del Estado de Michoac\u00e1n de Ocampo.<\/span><\/span><\/p>\n<p class=\"x_gmail-MsoListParagraphCxSpFirst\"><span style=\"font-family: tahoma, sans-serif;\"><span lang=\"ES-MX\">En relaci\u00f3n a las denuncias sobre irregularidades en la Cuenta P\u00fablica Municipal atribuidas al referido alcalde y en donde los ciudadanos inconformes solicitan la intervenci\u00f3n de la <\/span><span lang=\"ES-MX\">Auditor\u00eda Superior de Michoac\u00e1n; el documento\u00a0 advierte que es el \u00d3rgano T\u00e9cnico Fiscalizador, la Autoridad competente, y <\/span><span lang=\"ES-MX\">no el propio Congreso del Estado<\/span><span lang=\"ES-MX\">; en este sentido el dictamen deja a salvo los derechos de los denunciantes, para que d\u00e9 considerarlo necesario acudan ante la instancia mencionada para hacerlos valer.<\/span><\/span><\/p>\n<p class=\"x_gmail-Default\"><span style=\"font-family: tahoma, sans-serif;\"><span lang=\"ES-MX\">Por lo anterior expuesto, el dictamen aprobado en sesi\u00f3n ordinaria del Congreso del Estado, ordena el inicio de juicio pol\u00edtico a Rub\u00e9n Cabrera Ram\u00edrez, Presidente Municipal del Ayuntamiento de Jacona. Documento que fue turnado <\/span><span lang=\"ES-MX\">a la Comisi\u00f3n Jurisdiccional para que desahogue el procedimiento del caso.<\/span><\/span><\/p>\n","protected":false},"excerpt":{"rendered":"<p>El pasado 9 de mayo diversos ciudadanos presentaron la denuncia contra Rub\u00e9n Cabrera Ram\u00edrez. Las comisiones de Gobernaci\u00f3n y Puntos Constitucionales elaboraron dictamen. &nbsp; Morelia, Michoac\u00e1n; 14 de junio de 2017.- El Pleno del Congreso del Estado de Michoac\u00e1n declar\u00f3 procedente la denuncia de juicio pol\u00edtico presentada por Ren\u00e9 Valencia Mendoza y diversos ciudadanos, en [&hellip;]<\/p>\n","protected":false},"author":2,"featured_media":37871,"comment_status":"closed","ping_status":"closed","sticky":false,"template":"","format":"standard","meta":{"footnotes":""},"categories":[6,14],"tags":[],"class_list":["post-37870","post","type-post","status-publish","format-standard","has-post-thumbnail","hentry","category-congreso-del-estado","category-destacadas"],"_links":{"self":[{"href":"https:\/\/radiowebmx.com\/nota\/wp-json\/wp\/v2\/posts\/37870","targetHints":{"allow":["GET"]}}],"collection":[{"href":"https:\/\/radiowebmx.com\/nota\/wp-json\/wp\/v2\/posts"}],"about":[{"href":"https:\/\/radiowebmx.com\/nota\/wp-json\/wp\/v2\/types\/post"}],"author":[{"embeddable":true,"href":"https:\/\/radiowebmx.com\/nota\/wp-json\/wp\/v2\/users\/2"}],"replies":[{"embeddable":true,"href":"https:\/\/radiowebmx.com\/nota\/wp-json\/wp\/v2\/comments?post=37870"}],"version-history":[{"count":1,"href":"https:\/\/radiowebmx.com\/nota\/wp-json\/wp\/v2\/posts\/37870\/revisions"}],"predecessor-version":[{"id":37872,"href":"https:\/\/radiowebmx.com\/nota\/wp-json\/wp\/v2\/posts\/37870\/revisions\/37872"}],"wp:featuredmedia":[{"embeddable":true,"href":"https:\/\/radiowebmx.com\/nota\/wp-json\/wp\/v2\/media\/37871"}],"wp:attachment":[{"href":"https:\/\/radiowebmx.com\/nota\/wp-json\/wp\/v2\/media?parent=37870"}],"wp:term":[{"taxonomy":"category","embeddable":true,"href":"https:\/\/radiowebmx.com\/nota\/wp-json\/wp\/v2\/categories?post=37870"},{"taxonomy":"post_tag","embeddable":true,"href":"https:\/\/radiowebmx.com\/nota\/wp-json\/wp\/v2\/tags?post=37870"}],"curies":[{"name":"wp","href":"https:\/\/api.w.org\/{rel}","templated":true}]}}