{"id":37867,"date":"2017-06-14T16:24:25","date_gmt":"2017-06-14T21:24:25","guid":{"rendered":"https:\/\/radiowebmx.com\/nota\/?p=37867"},"modified":"2017-06-15T11:26:27","modified_gmt":"2017-06-15T16:26:27","slug":"sanciones-a-quien-ejerza-violencia-politica-contra-mujeres-propone-socorro-quintana","status":"publish","type":"post","link":"https:\/\/radiowebmx.com\/nota\/sanciones-a-quien-ejerza-violencia-politica-contra-mujeres-propone-socorro-quintana\/","title":{"rendered":"Sanciones a quien ejerza violencia pol\u00edtica contra mujeres, propone Socorro Quintana"},"content":{"rendered":"<ul type=\"disc\">\n<li class=\"x_MsoNormal\"><i>Present\u00f3 iniciativa de reforma al art\u00edculo 230 del C\u00f3digo Electoral del Estado<\/i><\/li>\n<\/ul>\n<p class=\"x_MsoNormal\"><i>\u00a0<a href=\"https:\/\/radiowebmx.com\/nota\/wp-content\/uploads\/2017\/06\/Comunicado-823.jpg\"><img loading=\"lazy\" decoding=\"async\" class=\"alignnone size-medium wp-image-37868\" src=\"https:\/\/radiowebmx.com\/nota\/wp-content\/uploads\/2017\/06\/Comunicado-823-595x396.jpg\" alt=\"\" width=\"595\" height=\"396\" srcset=\"https:\/\/radiowebmx.com\/nota\/wp-content\/uploads\/2017\/06\/Comunicado-823-595x396.jpg 595w, https:\/\/radiowebmx.com\/nota\/wp-content\/uploads\/2017\/06\/Comunicado-823.jpg 709w\" sizes=\"auto, (max-width: 595px) 100vw, 595px\" \/><\/a><\/i><\/p>\n<p class=\"x_MsoNormal\"><b>Morelia; Michoac\u00e1n, 14 de junio de 2017.-<\/b> \u00a0 La comisi\u00f3n de violencia pol\u00edtica prevista en la Ley por una vida libre de violencia para las mujeres en el Estado de Michoac\u00e1n, debe ser considerada como causa de responsabilidad administrativa en el C\u00f3digo Electoral del Estado, afirm\u00f3 la diputada Socorro de la Luz Quintana Le\u00f3n, al presentar iniciativa de reforma al art\u00edculo 230, de dicho ordenamiento.<\/p>\n<p class=\"x_MsoNormal\">La legisladora por Uruapan, record\u00f3 en la m\u00e1xima tribuna del estado, que la actual Legislatura ya aprob\u00f3 conceptualizar y tipificar la Violencia Pol\u00edtica, como uno de los tipos de violencia de g\u00e9nero en el estado de Michoac\u00e1n.<\/p>\n<p class=\"x_MsoNormal\">\n<p class=\"x_MsoNormal\">Record\u00f3 que por violencia pol\u00edtica se considera todo acto u omisi\u00f3n en contra de las mujeres por medio del cual se cause un da\u00f1o moral, f\u00edsico o psicol\u00f3gico a trav\u00e9s de la presi\u00f3n, persecuci\u00f3n, hostigamiento, acoso, coacci\u00f3n, amenaza y\/o privaci\u00f3n de la vida por cuestiones de g\u00e9nero, cometidos por una persona o un grupo de personas directamente o a trav\u00e9s de terceros, con el fin de menoscabar, limitar, condicionar, excluir, impedir o anular, el ejercicio de sus derechos pol\u00edticos electorales, as\u00ed como el indiciarla u obligarla a tomar decisiones de tipo pol\u00edtico electoral en contra de su voluntad.<\/p>\n<p class=\"x_MsoNormal\">\n<p class=\"x_MsoNormal\">Quintana Le\u00f3n consider\u00f3 de gran importancia legislar, para establecer la Violencia Pol\u00edtica como una conducta a sancionar, puesto que dicha conducta vulnera los derechos humanos de las mujeres que participan en los temas pol\u00edtico electorales en el Estado de Michoac\u00e1n y deben ser sancionadas por la autoridad electoral.<\/p>\n","protected":false},"excerpt":{"rendered":"<p>Present\u00f3 iniciativa de reforma al art\u00edculo 230 del C\u00f3digo Electoral del Estado \u00a0 Morelia; Michoac\u00e1n, 14 de junio de 2017.- \u00a0 La comisi\u00f3n de violencia pol\u00edtica prevista en la Ley por una vida libre de violencia para las mujeres en el Estado de Michoac\u00e1n, debe ser considerada como causa de responsabilidad administrativa en el C\u00f3digo [&hellip;]<\/p>\n","protected":false},"author":2,"featured_media":37868,"comment_status":"closed","ping_status":"closed","sticky":false,"template":"","format":"standard","meta":{"footnotes":""},"categories":[6,14],"tags":[],"class_list":["post-37867","post","type-post","status-publish","format-standard","has-post-thumbnail","hentry","category-congreso-del-estado","category-destacadas"],"_links":{"self":[{"href":"https:\/\/radiowebmx.com\/nota\/wp-json\/wp\/v2\/posts\/37867","targetHints":{"allow":["GET"]}}],"collection":[{"href":"https:\/\/radiowebmx.com\/nota\/wp-json\/wp\/v2\/posts"}],"about":[{"href":"https:\/\/radiowebmx.com\/nota\/wp-json\/wp\/v2\/types\/post"}],"author":[{"embeddable":true,"href":"https:\/\/radiowebmx.com\/nota\/wp-json\/wp\/v2\/users\/2"}],"replies":[{"embeddable":true,"href":"https:\/\/radiowebmx.com\/nota\/wp-json\/wp\/v2\/comments?post=37867"}],"version-history":[{"count":1,"href":"https:\/\/radiowebmx.com\/nota\/wp-json\/wp\/v2\/posts\/37867\/revisions"}],"predecessor-version":[{"id":37869,"href":"https:\/\/radiowebmx.com\/nota\/wp-json\/wp\/v2\/posts\/37867\/revisions\/37869"}],"wp:featuredmedia":[{"embeddable":true,"href":"https:\/\/radiowebmx.com\/nota\/wp-json\/wp\/v2\/media\/37868"}],"wp:attachment":[{"href":"https:\/\/radiowebmx.com\/nota\/wp-json\/wp\/v2\/media?parent=37867"}],"wp:term":[{"taxonomy":"category","embeddable":true,"href":"https:\/\/radiowebmx.com\/nota\/wp-json\/wp\/v2\/categories?post=37867"},{"taxonomy":"post_tag","embeddable":true,"href":"https:\/\/radiowebmx.com\/nota\/wp-json\/wp\/v2\/tags?post=37867"}],"curies":[{"name":"wp","href":"https:\/\/api.w.org\/{rel}","templated":true}]}}