{"id":37864,"date":"2017-06-14T16:20:52","date_gmt":"2017-06-14T21:20:52","guid":{"rendered":"https:\/\/radiowebmx.com\/nota\/?p=37864"},"modified":"2017-06-15T11:22:15","modified_gmt":"2017-06-15T16:22:15","slug":"plantea-raymundo-arreola-cambios-en-la-relacion-laboral-de-agentes-de-seguridad","status":"publish","type":"post","link":"https:\/\/radiowebmx.com\/nota\/plantea-raymundo-arreola-cambios-en-la-relacion-laboral-de-agentes-de-seguridad\/","title":{"rendered":"Plantea Raymundo Arreola cambios en la relaci\u00f3n laboral de agentes de seguridad"},"content":{"rendered":"<ul type=\"disc\">\n<li class=\"x_MsoNormal\"><i>Es el Tribunal de Justicia Administrativa, el que debe resolver los conflictos laborales entre los elementos de seguridad y agentes del ministerio p\u00fablico y sus empleadores<\/i><\/li>\n<\/ul>\n<p class=\"x_MsoNormal\"><i><a href=\"https:\/\/radiowebmx.com\/nota\/wp-content\/uploads\/2017\/06\/Comunicado-822.jpg\"><img loading=\"lazy\" decoding=\"async\" class=\"alignnone size-medium wp-image-37865\" src=\"https:\/\/radiowebmx.com\/nota\/wp-content\/uploads\/2017\/06\/Comunicado-822-595x396.jpg\" alt=\"\" width=\"595\" height=\"396\" srcset=\"https:\/\/radiowebmx.com\/nota\/wp-content\/uploads\/2017\/06\/Comunicado-822-595x396.jpg 595w, https:\/\/radiowebmx.com\/nota\/wp-content\/uploads\/2017\/06\/Comunicado-822.jpg 709w\" sizes=\"auto, (max-width: 595px) 100vw, 595px\" \/><\/a>\u00a0<\/i><\/p>\n<p>&nbsp;<\/p>\n<p>&nbsp;<\/p>\n<p class=\"x_MsoNormal\"><b>Morelia; Michoac\u00e1n, 14 de junio de 2017.-<\/b> \u00a0 Los elementos de seguridad y agentes del ministerio p\u00fablico podr\u00e1n acudir al Tribunal de Justicia Administrativa para dirimir las controversias laborales con sus empleadores, plante\u00f3 el diputado Raymundo Arreola, en su iniciativa con proyecto de decreto por el que se reforma el art\u00edculo 5 de la Ley de los Trabajadores al Servicio del Estado de Michoac\u00e1n y sus Municipios; y los art\u00edculos 1 y 155 del c\u00f3digo de justicia administrativa del estado de Michoac\u00e1n.<\/p>\n<p class=\"x_MsoNormal\">Puntualiz\u00f3 que m\u00e1ximo tribunal de la naci\u00f3n hizo una interpretaci\u00f3n sistem\u00e1tica del ordenamiento constitucional en relaci\u00f3n al tipo de relaci\u00f3n que guardan los agentes del Ministerio P\u00fablico, los peritos y los miembros de las instituciones policiales de la Federaci\u00f3n, el Distrito Federal, los Estados y los Municipios, y en tesis de jurisprudencia resolvi\u00f3 que ante conflictos que se susciten entre un ente del estado y cualesquiera de estos trabajadores, atendiendo a la naturaleza netamente administrativa, no es un tribunal laboral el que conocer\u00e1 de esta controversia, sino los tribunales contenciosos administrativos de la federaci\u00f3n y los estados seg\u00fan el \u00e1mbito de jurisdicci\u00f3n que corresponda.<\/p>\n<p class=\"x_MsoNormal\">\n<p class=\"x_MsoNormal\">El legislador por el distrito de M\u00fagica, record\u00f3 que la ley burocr\u00e1tica establece, de manera inconstitucional, una relaci\u00f3n de tipo laboral de estos elementos con el estado, con todos los derechos que ello conlleva, y dando\u00a0 competencia al tribunal de conciliaci\u00f3n y arbitraje del estado de Michoac\u00e1n, para dirimir las controversias que se susciten entre el estado y los agentes antes mencionados, violando con ello flagrantemente la constituci\u00f3n federal, rompiendo el principio de legalidad y certeza jur\u00eddica para los gobernados.<\/p>\n<p class=\"x_MsoNormal\">\n<p class=\"x_MsoNormal\">Consider\u00f3 que esto crea la posibilidad jur\u00eddica de que los elementos de seguridad y agentes del ministerio p\u00fablico recurran a tribunales del trabajo a defender sus derechos, cuando, como ya se manifest\u00f3, es el tribunal de justicia administrativa el que debe de conocer y en su caso dirimir este tipo de conflictos, dada la naturaleza administrativa de la relaci\u00f3n jur\u00eddico contractual.<\/p>\n<p class=\"x_MsoNormal\">\n<p class=\"x_MsoNormal\">A fin de que esta soberan\u00eda respete cabalmente la multicitada exclusi\u00f3n prevista en la fracci\u00f3n XIII, del apartado B, del art\u00edculo 123 de la Constituci\u00f3n Pol\u00edtica\u00a0 de los Estados Unidos Mexicanos, y dar una certeza jur\u00eddica a los gobernados, en espec\u00edfico a agentes del ministerio p\u00fablico y elementos de seguridad estatal y municipal, de cu\u00e1l es la v\u00eda correcta para defender sus derechos y en consecuencia no generar al estado conflicto sobre cual autoridad jurisdiccional debe de conocer este tipo de asuntos, se plantean las modificaciones ya descritas, finaliz\u00f3.<\/p>\n","protected":false},"excerpt":{"rendered":"<p>Es el Tribunal de Justicia Administrativa, el que debe resolver los conflictos laborales entre los elementos de seguridad y agentes del ministerio p\u00fablico y sus empleadores \u00a0 &nbsp; &nbsp; Morelia; Michoac\u00e1n, 14 de junio de 2017.- \u00a0 Los elementos de seguridad y agentes del ministerio p\u00fablico podr\u00e1n acudir al Tribunal de Justicia Administrativa para dirimir [&hellip;]<\/p>\n","protected":false},"author":2,"featured_media":37865,"comment_status":"closed","ping_status":"closed","sticky":false,"template":"","format":"standard","meta":{"footnotes":""},"categories":[6,14],"tags":[],"class_list":["post-37864","post","type-post","status-publish","format-standard","has-post-thumbnail","hentry","category-congreso-del-estado","category-destacadas"],"_links":{"self":[{"href":"https:\/\/radiowebmx.com\/nota\/wp-json\/wp\/v2\/posts\/37864","targetHints":{"allow":["GET"]}}],"collection":[{"href":"https:\/\/radiowebmx.com\/nota\/wp-json\/wp\/v2\/posts"}],"about":[{"href":"https:\/\/radiowebmx.com\/nota\/wp-json\/wp\/v2\/types\/post"}],"author":[{"embeddable":true,"href":"https:\/\/radiowebmx.com\/nota\/wp-json\/wp\/v2\/users\/2"}],"replies":[{"embeddable":true,"href":"https:\/\/radiowebmx.com\/nota\/wp-json\/wp\/v2\/comments?post=37864"}],"version-history":[{"count":1,"href":"https:\/\/radiowebmx.com\/nota\/wp-json\/wp\/v2\/posts\/37864\/revisions"}],"predecessor-version":[{"id":37866,"href":"https:\/\/radiowebmx.com\/nota\/wp-json\/wp\/v2\/posts\/37864\/revisions\/37866"}],"wp:featuredmedia":[{"embeddable":true,"href":"https:\/\/radiowebmx.com\/nota\/wp-json\/wp\/v2\/media\/37865"}],"wp:attachment":[{"href":"https:\/\/radiowebmx.com\/nota\/wp-json\/wp\/v2\/media?parent=37864"}],"wp:term":[{"taxonomy":"category","embeddable":true,"href":"https:\/\/radiowebmx.com\/nota\/wp-json\/wp\/v2\/categories?post=37864"},{"taxonomy":"post_tag","embeddable":true,"href":"https:\/\/radiowebmx.com\/nota\/wp-json\/wp\/v2\/tags?post=37864"}],"curies":[{"name":"wp","href":"https:\/\/api.w.org\/{rel}","templated":true}]}}