{"id":37837,"date":"2017-06-14T17:29:28","date_gmt":"2017-06-14T22:29:28","guid":{"rendered":"https:\/\/radiowebmx.com\/nota\/?p=37837"},"modified":"2017-06-15T10:32:44","modified_gmt":"2017-06-15T15:32:44","slug":"firman-pacto-por-el-planeta-el-zoologico-benito-juarez-see-y-semarnacc","status":"publish","type":"post","link":"https:\/\/radiowebmx.com\/nota\/firman-pacto-por-el-planeta-el-zoologico-benito-juarez-see-y-semarnacc\/","title":{"rendered":"Firman Pacto por el Planeta el Zool\u00f3gico \u201cBenito Ju\u00e1rez\u201d, SEE y Semarnacc"},"content":{"rendered":"<ul>\n<li>El acuerdo favorecer\u00e1 a 15 mil ni\u00f1as y ni\u00f1os de 500 escuelas, quienes recibir\u00e1n recorridos guiados y pl\u00e1ticas de educaci\u00f3n ambiental.<\/li>\n<\/ul>\n<p>&nbsp;<\/p>\n<p><a href=\"https:\/\/radiowebmx.com\/nota\/wp-content\/uploads\/2017\/06\/2c4f4020-d085-44eb-9d69-5eaed81dcef7.jpg\"><img loading=\"lazy\" decoding=\"async\" class=\"alignnone size-medium wp-image-37838\" src=\"https:\/\/radiowebmx.com\/nota\/wp-content\/uploads\/2017\/06\/2c4f4020-d085-44eb-9d69-5eaed81dcef7-595x297.jpg\" alt=\"\" width=\"595\" height=\"297\" srcset=\"https:\/\/radiowebmx.com\/nota\/wp-content\/uploads\/2017\/06\/2c4f4020-d085-44eb-9d69-5eaed81dcef7-595x297.jpg 595w, https:\/\/radiowebmx.com\/nota\/wp-content\/uploads\/2017\/06\/2c4f4020-d085-44eb-9d69-5eaed81dcef7.jpg 709w\" sizes=\"auto, (max-width: 595px) 100vw, 595px\" \/><\/a><\/p>\n<p><strong>Morelia, Michoac\u00e1n, a 14 de junio de 2017.-<\/strong>\u00a0\u00a0Autoridades del Parque Zool\u00f3gico \u201cBenito Ju\u00e1rez\u201d,\u00a0y las Secretar\u00edas de Educaci\u00f3n (SEE) y de Medio Ambiente, Recursos Naturales y Cambio Clim\u00e1tico (Semarnacc), firmaron un convenio de colaboraci\u00f3n para fortalecer la educaci\u00f3n ambiental en el nivel b\u00e1sico, con el cual se pretende favorecer a m\u00e1s de 15 mil ni\u00f1as y ni\u00f1os de 500 escuelas del interior del estado.<\/p>\n<p>&nbsp;<\/p>\n<p>Durante la firma del denominado &#8220;Pacto por el Planeta&#8221;, el director general del recinto faun\u00edstico, Josu\u00e9 Rangel D\u00edaz y el secretario de Educaci\u00f3n estatal, Alberto Frutis Sol\u00eds, coincidieron en destacar que una de las prioridades del Gobernador Silvano Aureoles Conejo, es lograr la calidad educativa y para ello, \u00e9sta tiene que ser atendida de manera integral.<\/p>\n<p>&nbsp;<\/p>\n<p>De ah\u00ed que, el prop\u00f3sito de este pacto es fortalecer la educaci\u00f3n ambiental en la ni\u00f1ez y concientizar a la sociedad sobre la importancia de impulsar acciones como el reciclar la basura, no desperdiciar el agua, el respeto a las especies animales y la reforestaci\u00f3n, actividades que forman parte importante para la conservaci\u00f3n de nuestro h\u00e1bitat.<\/p>\n<p>&nbsp;<\/p>\n<p>El convenio permitir\u00e1 beneficiar a alrededor de 500 escuelas p\u00fablicas con un 50 por ciento de descuento en las entradas generales al zool\u00f3gico, as\u00ed como recorridos guiados y pl\u00e1ticas de educaci\u00f3n ambiental; para reforzar el mensaje del cuidado, conservaci\u00f3n y reproducci\u00f3n\u00a0de las especies.<\/p>\n<p>&nbsp;<\/p>\n<p>En este marco, alrededor de 60 ni\u00f1os del Colegio Am\u00e9ricas realizaron un recorrido por el Parque, durante el cual recibieron informaci\u00f3n sobre las plantas insect\u00edvoras y conocieron parte de las especies que habitan en las tierras michoacanas a trav\u00e9s de una exposici\u00f3n fotogr\u00e1fica a cargo de Noel T\u00e9llez.<\/p>\n<p>&nbsp;<\/p>\n<p>Estuvieron presentes en esta firma de convenio, el titular de la Semarnacc, Ricardo Luna Garc\u00eda -quien sign\u00f3 como testigo de honor- y el responsable de la Procuradur\u00eda de Protecci\u00f3n al Ambiente del estado, Juan Carlos Vega Sol\u00f3rzano, entre otros.<\/p>\n","protected":false},"excerpt":{"rendered":"<p>El acuerdo favorecer\u00e1 a 15 mil ni\u00f1as y ni\u00f1os de 500 escuelas, quienes recibir\u00e1n recorridos guiados y pl\u00e1ticas de educaci\u00f3n ambiental. &nbsp; Morelia, Michoac\u00e1n, a 14 de junio de 2017.-\u00a0\u00a0Autoridades del Parque Zool\u00f3gico \u201cBenito Ju\u00e1rez\u201d,\u00a0y las Secretar\u00edas de Educaci\u00f3n (SEE) y de Medio Ambiente, Recursos Naturales y Cambio Clim\u00e1tico (Semarnacc), firmaron un convenio de colaboraci\u00f3n [&hellip;]<\/p>\n","protected":false},"author":2,"featured_media":37838,"comment_status":"closed","ping_status":"closed","sticky":false,"template":"","format":"standard","meta":{"footnotes":""},"categories":[14,3,60],"tags":[],"class_list":["post-37837","post","type-post","status-publish","format-standard","has-post-thumbnail","hentry","category-destacadas","category-gobierno-del-estado-de-michoacan","category-michoacan"],"_links":{"self":[{"href":"https:\/\/radiowebmx.com\/nota\/wp-json\/wp\/v2\/posts\/37837","targetHints":{"allow":["GET"]}}],"collection":[{"href":"https:\/\/radiowebmx.com\/nota\/wp-json\/wp\/v2\/posts"}],"about":[{"href":"https:\/\/radiowebmx.com\/nota\/wp-json\/wp\/v2\/types\/post"}],"author":[{"embeddable":true,"href":"https:\/\/radiowebmx.com\/nota\/wp-json\/wp\/v2\/users\/2"}],"replies":[{"embeddable":true,"href":"https:\/\/radiowebmx.com\/nota\/wp-json\/wp\/v2\/comments?post=37837"}],"version-history":[{"count":2,"href":"https:\/\/radiowebmx.com\/nota\/wp-json\/wp\/v2\/posts\/37837\/revisions"}],"predecessor-version":[{"id":37840,"href":"https:\/\/radiowebmx.com\/nota\/wp-json\/wp\/v2\/posts\/37837\/revisions\/37840"}],"wp:featuredmedia":[{"embeddable":true,"href":"https:\/\/radiowebmx.com\/nota\/wp-json\/wp\/v2\/media\/37838"}],"wp:attachment":[{"href":"https:\/\/radiowebmx.com\/nota\/wp-json\/wp\/v2\/media?parent=37837"}],"wp:term":[{"taxonomy":"category","embeddable":true,"href":"https:\/\/radiowebmx.com\/nota\/wp-json\/wp\/v2\/categories?post=37837"},{"taxonomy":"post_tag","embeddable":true,"href":"https:\/\/radiowebmx.com\/nota\/wp-json\/wp\/v2\/tags?post=37837"}],"curies":[{"name":"wp","href":"https:\/\/api.w.org\/{rel}","templated":true}]}}