{"id":37834,"date":"2017-06-14T17:15:55","date_gmt":"2017-06-14T22:15:55","guid":{"rendered":"https:\/\/radiowebmx.com\/nota\/?p=37834"},"modified":"2017-06-15T10:29:38","modified_gmt":"2017-06-15T15:29:38","slug":"atiende-gobierno-del-estado-necesidades-de-morelianos-mas-vulnerables","status":"publish","type":"post","link":"https:\/\/radiowebmx.com\/nota\/atiende-gobierno-del-estado-necesidades-de-morelianos-mas-vulnerables\/","title":{"rendered":"Atiende Gobierno del Estado necesidades de morelianos m\u00e1s vulnerables"},"content":{"rendered":"<p><a href=\"https:\/\/radiowebmx.com\/nota\/wp-content\/uploads\/2017\/06\/9afbbb78-5e2f-4c11-af83-145c3e6af9e8.jpg\"><img loading=\"lazy\" decoding=\"async\" class=\"alignnone size-medium wp-image-37835\" src=\"https:\/\/radiowebmx.com\/nota\/wp-content\/uploads\/2017\/06\/9afbbb78-5e2f-4c11-af83-145c3e6af9e8-595x396.jpg\" alt=\"\" width=\"595\" height=\"396\" srcset=\"https:\/\/radiowebmx.com\/nota\/wp-content\/uploads\/2017\/06\/9afbbb78-5e2f-4c11-af83-145c3e6af9e8-595x396.jpg 595w, https:\/\/radiowebmx.com\/nota\/wp-content\/uploads\/2017\/06\/9afbbb78-5e2f-4c11-af83-145c3e6af9e8.jpg 709w\" sizes=\"auto, (max-width: 595px) 100vw, 595px\" \/><\/a><\/p>\n<p>&nbsp;<\/p>\n<p><strong>Capula, mpio. de Morelia, Michoac\u00e1n, a 14 de junio de 2017.-<\/strong>Como parte de las acciones de seguimiento que el Gobierno del Estado, que encabeza Silvano Aureoles Conejo, realiza despu\u00e9s de visitar las tenencias y colonias de la capital michoacana a trav\u00e9s de las Caravanas #CercaDeTi, este mi\u00e9rcoles en Capula 15 familias fueron beneficiadas con paquetes de l\u00e1minas, las cuales proteger\u00e1n sus hogares en esta \u00e9poca de lluvias.<\/p>\n<p>Apenas el viernes pasado el coordinador de Asesores del Ejecutivo, Antonio Soto S\u00e1nchez, asumi\u00f3 el compromiso de entregar este apoyo, y fue a trav\u00e9s de la Coordinaci\u00f3n de Atenci\u00f3n Ciudadana, a cargo de Elena Vega Uribe, que fueron suministrados los paquetes.<\/p>\n<p>\u201cNo s\u00f3lo van a recibir este tipo de ayuda, sino que vamos a llevar a las diferentes comunidades los programas de S\u00ed Alimenta y Palabra de Mujer directamente con ustedes. Estamos convencidos de que al mejorar las condiciones de vida de nuestra gente, juntos vamos a salir adelante\u201d, subray\u00f3 el funcionario estatal al entregar los paquetes de l\u00e1minas.<\/p>\n<p>Resalt\u00f3 que, adem\u00e1s, se da puntual seguimiento a otro tipo de peticiones que los asistentes a las caravanas entregan a los funcionarios estatales, gestionando ante las dependencias correspondientes, o bien, turn\u00e1ndolos a la autoridad competente.<\/p>\n<p>Adelant\u00f3 que este viernes, m\u00e1s de 20 dependencias estar\u00e1n presentes en la colonia Colinas del Sur, en el complejo deportivo ubicado en la esquina de las calles Palma y Eucalipto, donde habr\u00e1 atenci\u00f3n m\u00e9dica, asesor\u00eda legal y psicol\u00f3gica, as\u00ed como entrega de apoyos y diversos servicios como tr\u00e1mites de actas del Registro Civil, lentes, cr\u00e9ditos, entre otros.<\/p>\n","protected":false},"excerpt":{"rendered":"<p>&nbsp; Capula, mpio. de Morelia, Michoac\u00e1n, a 14 de junio de 2017.-Como parte de las acciones de seguimiento que el Gobierno del Estado, que encabeza Silvano Aureoles Conejo, realiza despu\u00e9s de visitar las tenencias y colonias de la capital michoacana a trav\u00e9s de las Caravanas #CercaDeTi, este mi\u00e9rcoles en Capula 15 familias fueron beneficiadas con [&hellip;]<\/p>\n","protected":false},"author":2,"featured_media":37835,"comment_status":"closed","ping_status":"closed","sticky":false,"template":"","format":"standard","meta":{"footnotes":""},"categories":[14,3,60],"tags":[],"class_list":["post-37834","post","type-post","status-publish","format-standard","has-post-thumbnail","hentry","category-destacadas","category-gobierno-del-estado-de-michoacan","category-michoacan"],"_links":{"self":[{"href":"https:\/\/radiowebmx.com\/nota\/wp-json\/wp\/v2\/posts\/37834","targetHints":{"allow":["GET"]}}],"collection":[{"href":"https:\/\/radiowebmx.com\/nota\/wp-json\/wp\/v2\/posts"}],"about":[{"href":"https:\/\/radiowebmx.com\/nota\/wp-json\/wp\/v2\/types\/post"}],"author":[{"embeddable":true,"href":"https:\/\/radiowebmx.com\/nota\/wp-json\/wp\/v2\/users\/2"}],"replies":[{"embeddable":true,"href":"https:\/\/radiowebmx.com\/nota\/wp-json\/wp\/v2\/comments?post=37834"}],"version-history":[{"count":1,"href":"https:\/\/radiowebmx.com\/nota\/wp-json\/wp\/v2\/posts\/37834\/revisions"}],"predecessor-version":[{"id":37836,"href":"https:\/\/radiowebmx.com\/nota\/wp-json\/wp\/v2\/posts\/37834\/revisions\/37836"}],"wp:featuredmedia":[{"embeddable":true,"href":"https:\/\/radiowebmx.com\/nota\/wp-json\/wp\/v2\/media\/37835"}],"wp:attachment":[{"href":"https:\/\/radiowebmx.com\/nota\/wp-json\/wp\/v2\/media?parent=37834"}],"wp:term":[{"taxonomy":"category","embeddable":true,"href":"https:\/\/radiowebmx.com\/nota\/wp-json\/wp\/v2\/categories?post=37834"},{"taxonomy":"post_tag","embeddable":true,"href":"https:\/\/radiowebmx.com\/nota\/wp-json\/wp\/v2\/tags?post=37834"}],"curies":[{"name":"wp","href":"https:\/\/api.w.org\/{rel}","templated":true}]}}