{"id":37831,"date":"2017-06-14T17:15:26","date_gmt":"2017-06-14T22:15:26","guid":{"rendered":"https:\/\/radiowebmx.com\/nota\/?p=37831"},"modified":"2017-06-15T10:23:46","modified_gmt":"2017-06-15T15:23:46","slug":"se-difunde-en-centros-educativos-de-nivel-superior-y-medio-superior-convocatoria-para-5to-parlamento-juvenil","status":"publish","type":"post","link":"https:\/\/radiowebmx.com\/nota\/se-difunde-en-centros-educativos-de-nivel-superior-y-medio-superior-convocatoria-para-5to-parlamento-juvenil\/","title":{"rendered":"Se difunde en centros educativos de nivel superior y medio superior convocatoria para 5to Parlamento Juvenil"},"content":{"rendered":"<ul>\n<li>Se recorrieron varios centros educativos tanto p\u00fablicos como privados, para llegar el evento que es organizado por el\u00a0Comit\u00e9 Organizador del Quinto Parlamento Juvenil\u00a0y que encabeza el diputado, Wilfrido L\u00e1zaro Medina.<\/li>\n<\/ul>\n<p>&nbsp;<\/p>\n<p><a href=\"https:\/\/radiowebmx.com\/nota\/wp-content\/uploads\/2017\/06\/19239564_10213388957058011_1564980339_n.jpg\"><img loading=\"lazy\" decoding=\"async\" class=\"alignnone size-medium wp-image-37832\" src=\"https:\/\/radiowebmx.com\/nota\/wp-content\/uploads\/2017\/06\/19239564_10213388957058011_1564980339_n-595x396.jpg\" alt=\"\" width=\"595\" height=\"396\" srcset=\"https:\/\/radiowebmx.com\/nota\/wp-content\/uploads\/2017\/06\/19239564_10213388957058011_1564980339_n-595x396.jpg 595w, https:\/\/radiowebmx.com\/nota\/wp-content\/uploads\/2017\/06\/19239564_10213388957058011_1564980339_n.jpg 709w\" sizes=\"auto, (max-width: 595px) 100vw, 595px\" \/><\/a><\/p>\n<p>&nbsp;<\/p>\n<p>Morelia, Mich., Con el objetivo de difundir la convocatoria del Quinto Parlamento Juvenil emitida por la 73 Legislatura del Congreso del Estado de Michoac\u00e1n, se han realizado giras en los diferentes centros educativos de Morelia, para que los j\u00f3venes participen este certamen, cuyo prop\u00f3sito es generar un espacio de an\u00e1lisis y reflexi\u00f3n, sobre la problem\u00e1tica que afecta a este sector social.<\/p>\n<p>&nbsp;<\/p>\n<p>&nbsp;<\/p>\n<p>&nbsp;<\/p>\n<p>La secretaria t\u00e9cnica del Comit\u00e9 Organizador la Lic. Liliana Moreno Dur\u00e1n inform\u00f3 que este ejercicio de acercamiento a los centros educativos, tiene como finalidad de que los j\u00f3venes participen con propuestas que ser\u00e1n enriquecedoras para el Quinto Parlamento.<\/p>\n<p>&nbsp;<\/p>\n<p>&nbsp;<\/p>\n<p>&nbsp;<\/p>\n<p>Detall\u00f3 que hasta el momento han acudido a la Universidad Latina de Am\u00e9rica, el Instituto Montrer, Nova Spania, la Facultad de Derecho y Ciencias Sociales, la Universidad de Morelia, la UNID, entre otras instituciones educativas.<\/p>\n<p>&nbsp;<\/p>\n<p>&nbsp;<\/p>\n<p>&nbsp;<\/p>\n<p>Adem\u00e1s se le ha dado difusi\u00f3n a trav\u00e9s de las redes sociales, y cada uno de los Diputados han asumido el compromiso de llevarla a sus Distritos, para que la participaci\u00f3n de j\u00f3venes llegue de toda la zona geograf\u00eda del estado, \u201cse trata de que m\u00e1s j\u00f3venes participen y hagan llegar sus iniciativas y proyectos\u201d, indic\u00f3.<\/p>\n<p>&nbsp;<\/p>\n<p>&nbsp;<\/p>\n<p>&nbsp;<\/p>\n<p>Asimismo comunic\u00f3 que los horarios para los cursos de capacitaci\u00f3n que dar\u00e1 el IIEL se distribuir\u00e1n de la siguiente manera: lunes 19 y 26 de 12 a 1 pm en sal\u00f3n de la Casona, mi\u00e9rcoles 14, 21 y 28 de 12 a 1 pm en el sal\u00f3n 3 de la Casona, viernes 16, 23 y 30 de 12 a 1 pm en el sal\u00f3n 2 de la Casona. Todo esto con el fin de apoyar a los j\u00f3venes con sus iniciativas y proyectos.<\/p>\n<p>&nbsp;<\/p>\n<p>&nbsp;<\/p>\n<p>&nbsp;<\/p>\n<p>La convocatoria es para todos los j\u00f3venes de 18 a 29 a\u00f1os de edad, no se la pierdan y participen; si cuentan con dudas escribanos por medio de Facebook o Twitter o a los tel\u00e9fonos 3 17 16 15 finaliz\u00f3.<\/p>\n","protected":false},"excerpt":{"rendered":"<p>Se recorrieron varios centros educativos tanto p\u00fablicos como privados, para llegar el evento que es organizado por el\u00a0Comit\u00e9 Organizador del Quinto Parlamento Juvenil\u00a0y que encabeza el diputado, Wilfrido L\u00e1zaro Medina. &nbsp; &nbsp; Morelia, Mich., Con el objetivo de difundir la convocatoria del Quinto Parlamento Juvenil emitida por la 73 Legislatura del Congreso del Estado de [&hellip;]<\/p>\n","protected":false},"author":2,"featured_media":37832,"comment_status":"closed","ping_status":"closed","sticky":false,"template":"","format":"standard","meta":{"footnotes":""},"categories":[6,14,7],"tags":[],"class_list":["post-37831","post","type-post","status-publish","format-standard","has-post-thumbnail","hentry","category-congreso-del-estado","category-destacadas","category-grupo-parlamentario-del-pri"],"_links":{"self":[{"href":"https:\/\/radiowebmx.com\/nota\/wp-json\/wp\/v2\/posts\/37831","targetHints":{"allow":["GET"]}}],"collection":[{"href":"https:\/\/radiowebmx.com\/nota\/wp-json\/wp\/v2\/posts"}],"about":[{"href":"https:\/\/radiowebmx.com\/nota\/wp-json\/wp\/v2\/types\/post"}],"author":[{"embeddable":true,"href":"https:\/\/radiowebmx.com\/nota\/wp-json\/wp\/v2\/users\/2"}],"replies":[{"embeddable":true,"href":"https:\/\/radiowebmx.com\/nota\/wp-json\/wp\/v2\/comments?post=37831"}],"version-history":[{"count":1,"href":"https:\/\/radiowebmx.com\/nota\/wp-json\/wp\/v2\/posts\/37831\/revisions"}],"predecessor-version":[{"id":37833,"href":"https:\/\/radiowebmx.com\/nota\/wp-json\/wp\/v2\/posts\/37831\/revisions\/37833"}],"wp:featuredmedia":[{"embeddable":true,"href":"https:\/\/radiowebmx.com\/nota\/wp-json\/wp\/v2\/media\/37832"}],"wp:attachment":[{"href":"https:\/\/radiowebmx.com\/nota\/wp-json\/wp\/v2\/media?parent=37831"}],"wp:term":[{"taxonomy":"category","embeddable":true,"href":"https:\/\/radiowebmx.com\/nota\/wp-json\/wp\/v2\/categories?post=37831"},{"taxonomy":"post_tag","embeddable":true,"href":"https:\/\/radiowebmx.com\/nota\/wp-json\/wp\/v2\/tags?post=37831"}],"curies":[{"name":"wp","href":"https:\/\/api.w.org\/{rel}","templated":true}]}}