{"id":37828,"date":"2017-06-14T17:10:36","date_gmt":"2017-06-14T22:10:36","guid":{"rendered":"https:\/\/radiowebmx.com\/nota\/?p=37828"},"modified":"2017-06-15T10:22:06","modified_gmt":"2017-06-15T15:22:06","slug":"cabildo-toma-protesta-a-nuevo-jefe-de-tenencia-de-chiquimitio","status":"publish","type":"post","link":"https:\/\/radiowebmx.com\/nota\/cabildo-toma-protesta-a-nuevo-jefe-de-tenencia-de-chiquimitio\/","title":{"rendered":"Cabildo toma protesta a nuevo Jefe de Tenencia de Chiquimit\u00edo"},"content":{"rendered":"<p><a href=\"https:\/\/radiowebmx.com\/nota\/wp-content\/uploads\/2017\/06\/30847200-ed60-4be9-ae50-c1a575945f74.jpeg\"><img loading=\"lazy\" decoding=\"async\" class=\"alignnone size-medium wp-image-37829\" src=\"https:\/\/radiowebmx.com\/nota\/wp-content\/uploads\/2017\/06\/30847200-ed60-4be9-ae50-c1a575945f74-595x396.jpeg\" alt=\"\" width=\"595\" height=\"396\" srcset=\"https:\/\/radiowebmx.com\/nota\/wp-content\/uploads\/2017\/06\/30847200-ed60-4be9-ae50-c1a575945f74-595x396.jpeg 595w, https:\/\/radiowebmx.com\/nota\/wp-content\/uploads\/2017\/06\/30847200-ed60-4be9-ae50-c1a575945f74.jpeg 709w\" sizes=\"auto, (max-width: 595px) 100vw, 595px\" \/><\/a><\/p>\n<p>&nbsp;<\/p>\n<p>Tras la aprobaci\u00f3n un\u00e1nime del Cabildo y tal como lo establece el Reglamento para la Elecci\u00f3n de Autoridades Auxiliares de la Administraci\u00f3n P\u00fablica Municipal, en Sesi\u00f3n Extraordinaria celebrada este mi\u00e9rcoles, el Presidente Municipal de Morelia, Alfonso Mart\u00ednez Alc\u00e1zar, tom\u00f3 protesta a Miguel Ferrer Aguilar como Jefe de Tenencia de Chiquimit\u00edo.<\/p>\n<p>Ante los integrantes del cuerpo colegiado, Mart\u00ednez Alc\u00e1zar, hizo \u00e9nfasis en la voluntad del Gobierno Municipal de \u201ctrabajar muy duro\u201d en coordinaci\u00f3n con los Jefes de Tenencia a favor de los habitantes de cada localidad.<\/p>\n<p>\u201cEstoy seguro que haremos muy buena mancuerna con el reci\u00e9n nombrado Jefe de Tenencia de Chiquimit\u00edo como con el resto de las autoridades auxiliares que son los primeros representantes de su comunidad\u201d, acot\u00f3.<\/p>\n<p>Al hacer uso de la voz, Ferrer Aguilar, reconoci\u00f3 el actuar de la Comisi\u00f3n Especial Electoral, que asegur\u00f3, garantiz\u00f3 un proceso \u201ctransparente y parejo\u201d en dicha localidad. \u201cRatifico mi inter\u00e9s por trabajar en conjunto con el Ayuntamiento de la mejor manera\u201d, se\u00f1al\u00f3.<\/p>\n<p>En este tenor, durante la Sesi\u00f3n Ordinaria de Cabildo anterior, el Cabildo, aval\u00f3 por mayor\u00eda, con 11 votos a favor y 2 en contra, la resoluci\u00f3n de los expedientes SM-R-IE-AAPM-01-2017 y SMR-IE\u2014AAPM-2017, derivados de los recursos de impugnaci\u00f3n de las elecciones de las tenencias de Atapaneo y Jes\u00fas del Monte, los cuales resultaron infundados, al se\u00f1alar que los hechos expuestos no contravienen las disposiciones ni derechos de otros.<\/p>\n","protected":false},"excerpt":{"rendered":"<p>&nbsp; Tras la aprobaci\u00f3n un\u00e1nime del Cabildo y tal como lo establece el Reglamento para la Elecci\u00f3n de Autoridades Auxiliares de la Administraci\u00f3n P\u00fablica Municipal, en Sesi\u00f3n Extraordinaria celebrada este mi\u00e9rcoles, el Presidente Municipal de Morelia, Alfonso Mart\u00ednez Alc\u00e1zar, tom\u00f3 protesta a Miguel Ferrer Aguilar como Jefe de Tenencia de Chiquimit\u00edo. Ante los integrantes del [&hellip;]<\/p>\n","protected":false},"author":2,"featured_media":37829,"comment_status":"closed","ping_status":"closed","sticky":false,"template":"","format":"standard","meta":{"footnotes":""},"categories":[60,9],"tags":[],"class_list":["post-37828","post","type-post","status-publish","format-standard","has-post-thumbnail","hentry","category-michoacan","category-morelia"],"_links":{"self":[{"href":"https:\/\/radiowebmx.com\/nota\/wp-json\/wp\/v2\/posts\/37828","targetHints":{"allow":["GET"]}}],"collection":[{"href":"https:\/\/radiowebmx.com\/nota\/wp-json\/wp\/v2\/posts"}],"about":[{"href":"https:\/\/radiowebmx.com\/nota\/wp-json\/wp\/v2\/types\/post"}],"author":[{"embeddable":true,"href":"https:\/\/radiowebmx.com\/nota\/wp-json\/wp\/v2\/users\/2"}],"replies":[{"embeddable":true,"href":"https:\/\/radiowebmx.com\/nota\/wp-json\/wp\/v2\/comments?post=37828"}],"version-history":[{"count":1,"href":"https:\/\/radiowebmx.com\/nota\/wp-json\/wp\/v2\/posts\/37828\/revisions"}],"predecessor-version":[{"id":37830,"href":"https:\/\/radiowebmx.com\/nota\/wp-json\/wp\/v2\/posts\/37828\/revisions\/37830"}],"wp:featuredmedia":[{"embeddable":true,"href":"https:\/\/radiowebmx.com\/nota\/wp-json\/wp\/v2\/media\/37829"}],"wp:attachment":[{"href":"https:\/\/radiowebmx.com\/nota\/wp-json\/wp\/v2\/media?parent=37828"}],"wp:term":[{"taxonomy":"category","embeddable":true,"href":"https:\/\/radiowebmx.com\/nota\/wp-json\/wp\/v2\/categories?post=37828"},{"taxonomy":"post_tag","embeddable":true,"href":"https:\/\/radiowebmx.com\/nota\/wp-json\/wp\/v2\/tags?post=37828"}],"curies":[{"name":"wp","href":"https:\/\/api.w.org\/{rel}","templated":true}]}}