{"id":37824,"date":"2017-06-14T16:45:49","date_gmt":"2017-06-14T21:45:49","guid":{"rendered":"https:\/\/radiowebmx.com\/nota\/?p=37824"},"modified":"2017-06-15T10:19:19","modified_gmt":"2017-06-15T15:19:19","slug":"ayuntamiento-ratifica-a-susan-melissa-vasquez-al-frente-de-la-direccion-del-dif-de-morelia","status":"publish","type":"post","link":"https:\/\/radiowebmx.com\/nota\/ayuntamiento-ratifica-a-susan-melissa-vasquez-al-frente-de-la-direccion-del-dif-de-morelia\/","title":{"rendered":"Ayuntamiento ratifica a Susan Melissa V\u00e1squez al frente de la Direcci\u00f3n del DIF de Morelia"},"content":{"rendered":"<p><a href=\"https:\/\/radiowebmx.com\/nota\/wp-content\/uploads\/2017\/06\/27e891a7-c421-4051-afbe-c34bf4e48357.jpeg\"><img loading=\"lazy\" decoding=\"async\" class=\"alignnone size-medium wp-image-37825\" src=\"https:\/\/radiowebmx.com\/nota\/wp-content\/uploads\/2017\/06\/27e891a7-c421-4051-afbe-c34bf4e48357-595x396.jpeg\" alt=\"\" width=\"595\" height=\"396\" srcset=\"https:\/\/radiowebmx.com\/nota\/wp-content\/uploads\/2017\/06\/27e891a7-c421-4051-afbe-c34bf4e48357-595x396.jpeg 595w, https:\/\/radiowebmx.com\/nota\/wp-content\/uploads\/2017\/06\/27e891a7-c421-4051-afbe-c34bf4e48357.jpeg 709w\" sizes=\"auto, (max-width: 595px) 100vw, 595px\" \/><\/a><\/p>\n<div>En Sesi\u00f3n Extraordinaria de Cabildo, encabezada por el Presidente Municipal de Morelia, Alfonso Mart\u00ednez Alc\u00e1zar, se aprob\u00f3 por unanimidad que Susan Melissa V\u00e1squez P\u00e9rez ocupe el cargo de Directora del Sistema DIF Municipal.<\/p>\n<p>Con la presencia tambi\u00e9n de la Presidenta Honoraria del DIF de Morelia, Paola Delgadillo de Mart\u00ednez, la ahora Directora fue felicitada por regidores y en especial por Alcalde, quien destac\u00f3 su perfil y trabajo desempe\u00f1ado como Encargada de Despacho.<\/p>\n<p>Se\u00f1al\u00f3 que el haber confiado en V\u00e1squez P\u00e9rez con anterioridad para que fuera la responsable de la Direcci\u00f3n en esta \u00e1rea que atiende a los sectores m\u00e1s vulnerables de la capital del estado, fue un acierto.<\/p>\n<p>\u201cNunca se qued\u00f3 ac\u00e9falo el cargo de la Direcci\u00f3n\u201d y extern\u00f3 su felicitaci\u00f3n a la nueva Directora a quien conmin\u00f3 para que el Sistema para el Desarrollo Integral de la Familia contin\u00fae cumpliendo sus objetivos con la poblaci\u00f3n m\u00e1s necesitada.<\/p>\n<p>Por su parte, Susan Melissa V\u00e1squez asumi\u00f3 el compromiso de promover un servicio de calidad y cercano a la ciudadan\u00eda, brindando atenci\u00f3n puntual a las personas que por su situaci\u00f3n social, econ\u00f3mica y f\u00edsica, lo requieran<\/p>\n<p>Al finalizar el acto, los integrantes de cabildo y funcionarios municipales pidieron un aplauso para Susan Melissa V\u00e1squez, felicit\u00e1ndola y dese\u00e1ndole los mejores deseos en este nuevo reto.<\/p><\/div>\n","protected":false},"excerpt":{"rendered":"<p>En Sesi\u00f3n Extraordinaria de Cabildo, encabezada por el Presidente Municipal de Morelia, Alfonso Mart\u00ednez Alc\u00e1zar, se aprob\u00f3 por unanimidad que Susan Melissa V\u00e1squez P\u00e9rez ocupe el cargo de Directora del Sistema DIF Municipal. Con la presencia tambi\u00e9n de la Presidenta Honoraria del DIF de Morelia, Paola Delgadillo de Mart\u00ednez, la ahora Directora fue felicitada por [&hellip;]<\/p>\n","protected":false},"author":2,"featured_media":37825,"comment_status":"closed","ping_status":"closed","sticky":false,"template":"","format":"standard","meta":{"footnotes":""},"categories":[14,60,9],"tags":[],"class_list":["post-37824","post","type-post","status-publish","format-standard","has-post-thumbnail","hentry","category-destacadas","category-michoacan","category-morelia"],"_links":{"self":[{"href":"https:\/\/radiowebmx.com\/nota\/wp-json\/wp\/v2\/posts\/37824","targetHints":{"allow":["GET"]}}],"collection":[{"href":"https:\/\/radiowebmx.com\/nota\/wp-json\/wp\/v2\/posts"}],"about":[{"href":"https:\/\/radiowebmx.com\/nota\/wp-json\/wp\/v2\/types\/post"}],"author":[{"embeddable":true,"href":"https:\/\/radiowebmx.com\/nota\/wp-json\/wp\/v2\/users\/2"}],"replies":[{"embeddable":true,"href":"https:\/\/radiowebmx.com\/nota\/wp-json\/wp\/v2\/comments?post=37824"}],"version-history":[{"count":1,"href":"https:\/\/radiowebmx.com\/nota\/wp-json\/wp\/v2\/posts\/37824\/revisions"}],"predecessor-version":[{"id":37826,"href":"https:\/\/radiowebmx.com\/nota\/wp-json\/wp\/v2\/posts\/37824\/revisions\/37826"}],"wp:featuredmedia":[{"embeddable":true,"href":"https:\/\/radiowebmx.com\/nota\/wp-json\/wp\/v2\/media\/37825"}],"wp:attachment":[{"href":"https:\/\/radiowebmx.com\/nota\/wp-json\/wp\/v2\/media?parent=37824"}],"wp:term":[{"taxonomy":"category","embeddable":true,"href":"https:\/\/radiowebmx.com\/nota\/wp-json\/wp\/v2\/categories?post=37824"},{"taxonomy":"post_tag","embeddable":true,"href":"https:\/\/radiowebmx.com\/nota\/wp-json\/wp\/v2\/tags?post=37824"}],"curies":[{"name":"wp","href":"https:\/\/api.w.org\/{rel}","templated":true}]}}