{"id":37821,"date":"2017-06-14T16:30:46","date_gmt":"2017-06-14T21:30:46","guid":{"rendered":"https:\/\/radiowebmx.com\/nota\/?p=37821"},"modified":"2017-06-15T10:17:20","modified_gmt":"2017-06-15T15:17:20","slug":"se-une-ayuntamiento-a-la-5a-carrea-atletica-de-la-cruz-roja","status":"publish","type":"post","link":"https:\/\/radiowebmx.com\/nota\/se-une-ayuntamiento-a-la-5a-carrea-atletica-de-la-cruz-roja\/","title":{"rendered":"Se une Ayuntamiento a la 5\u00aa Carrea Atl\u00e9tica de la Cruz Roja"},"content":{"rendered":"<p><a href=\"https:\/\/radiowebmx.com\/nota\/wp-content\/uploads\/2017\/06\/b744b99f-948b-40d5-835a-628102765778.jpg\"><img loading=\"lazy\" decoding=\"async\" class=\"alignnone size-medium wp-image-37822\" src=\"https:\/\/radiowebmx.com\/nota\/wp-content\/uploads\/2017\/06\/b744b99f-948b-40d5-835a-628102765778-595x284.jpg\" alt=\"\" width=\"595\" height=\"284\" srcset=\"https:\/\/radiowebmx.com\/nota\/wp-content\/uploads\/2017\/06\/b744b99f-948b-40d5-835a-628102765778-595x284.jpg 595w, https:\/\/radiowebmx.com\/nota\/wp-content\/uploads\/2017\/06\/b744b99f-948b-40d5-835a-628102765778.jpg 709w\" sizes=\"auto, (max-width: 595px) 100vw, 595px\" \/><\/a><\/p>\n<p>&nbsp;<\/p>\n<p>El Ayuntamiento de Morelia se une a la quinta edici\u00f3n de la Carrera Atl\u00e9tica de la Cruz Roja Delegaci\u00f3n Morelia, de 7, 14 y 21 kil\u00f3metros, que tendr\u00e1 verificativo el domingo 25 de junio en punto de las 07:00 horas, la cual espera reunir a mil 300 personas.<\/p>\n<p>Alfonso Mart\u00ednez Alc\u00e1zar, Alcalde de Morelia, a trav\u00e9s del Instituto Municipal de Cultura F\u00edsica y Deporte (IMCUFIDE), ha brindado todas las facilidades en permisos y apoyo de tr\u00e1nsito para que se realice la justa altruista.<\/p>\n<p>Por quinto a\u00f1o consecutivo se realizar\u00e1 la carrera para reunir fondos y con ello dar el mantenimiento necesario a las instalaciones de la Delegaci\u00f3n Morelia de la benem\u00e9rita Cruz Roja, la cual atiende en promedio 30 servicios de auxilio y que tiene entre sus planes la creaci\u00f3n de una base al poniente de la ciudad, zona que mayor desarrollo habitacional ha presentado en los \u00faltimos a\u00f1os.<\/p>\n<p>Osvaldo Castro Nieves, en representaci\u00f3n del encargado del despacho del IMCUFIDE, Salvador Alegre \u00c1lvarez; Gerardo Ponce de Le\u00f3n, miembro del comit\u00e9 organizador, as\u00ed como Edna D\u00edaz, titular de la Comisi\u00f3n Estatal de Cultura F\u00edsica y Deporte (CECUFID), fueron parte de las autoridades que presentaron el evento.<\/p>\n<p>\u201cEl apoyo por parte del Ayuntamiento de Morelia a trav\u00e9s del IMCUFIDE es total. Todos necesitamos de la Cruz Roja y en ese mismo sentido debemos de retribuirle, sabemos de la loable labor que realizan d\u00eda con d\u00eda y si tenemos la oportunidad de cooperar lo haremos sin dudar\u201d, detall\u00f3 el Director Operativo del IMCUFIDE, Osvaldo Castro Nieves.<\/p>\n<p>\u201cEl apoyo al bienestar de la salud y la convivencia familiar son parte importante de los objetivos de este evento, sin dejar de lado el tema de que la Cruz Roja es ahora quien necesita de su ayuda, para seguir trabajando y ayudando a los morelianos. El 98 por ciento de los servicios de emergencia son atendidos por nosotros y queremos mantenernos as\u00ed\u201d, afirm\u00f3 Gerardo Ponce de Le\u00f3n, quien forma parte del comit\u00e9 organizador.<\/p>\n<p>La carrera dar\u00e1 comienzo en punto de las 07:00 horas del domingo 25 de junio, con una participaci\u00f3n aproximada de mil 300 corredores en las distancias de 7, 14 y 21 kil\u00f3metros, en la categor\u00eda Libre en ambas ramas.<\/p>\n<p>La ruta estelar, que pertenece al trayecto de medio marat\u00f3n (21k.), arrancar\u00e1 frente a las instalaciones de la Cruz Roja, en la Avenida Ventura Puente, para despu\u00e9s seguir por Acueducto hasta llegar a la salida a Mil Cumbres y continuar por el Libramiento, arteria que recorrer\u00e1n hasta alcanzar la Calzada Ju\u00e1rez para enfilarse al Centro Hist\u00f3rico, abordar la Avenida Madero en direcci\u00f3n al Seguro Social y de ah\u00ed retornar al punto de partida.<\/p>\n<p>La premiaci\u00f3n consistir\u00e1 en medallas para todos los participantes adem\u00e1s de reconocimientos a los tres primeros lugares de cada rama, ya que al ser con fines de recaudaci\u00f3n, no se emitir\u00e1n est\u00edmulos en efectivo.<\/p>\n<p>Las inscripciones tienen un costo a manera de donativo de 250 pesos si se realizan antes del 18 de junio y a partir de esa fecha este aumentar\u00e1 a 300 pesos, mismas que se pueden efectuar en las oficinas de la Cruz Roja, ubicadas en la Avenida Ventura Puente #27 colonia Cuauht\u00e9moc.<\/p>\n","protected":false},"excerpt":{"rendered":"<p>&nbsp; El Ayuntamiento de Morelia se une a la quinta edici\u00f3n de la Carrera Atl\u00e9tica de la Cruz Roja Delegaci\u00f3n Morelia, de 7, 14 y 21 kil\u00f3metros, que tendr\u00e1 verificativo el domingo 25 de junio en punto de las 07:00 horas, la cual espera reunir a mil 300 personas. Alfonso Mart\u00ednez Alc\u00e1zar, Alcalde de Morelia, [&hellip;]<\/p>\n","protected":false},"author":2,"featured_media":37822,"comment_status":"closed","ping_status":"closed","sticky":false,"template":"","format":"standard","meta":{"footnotes":""},"categories":[14,60,9],"tags":[],"class_list":["post-37821","post","type-post","status-publish","format-standard","has-post-thumbnail","hentry","category-destacadas","category-michoacan","category-morelia"],"_links":{"self":[{"href":"https:\/\/radiowebmx.com\/nota\/wp-json\/wp\/v2\/posts\/37821","targetHints":{"allow":["GET"]}}],"collection":[{"href":"https:\/\/radiowebmx.com\/nota\/wp-json\/wp\/v2\/posts"}],"about":[{"href":"https:\/\/radiowebmx.com\/nota\/wp-json\/wp\/v2\/types\/post"}],"author":[{"embeddable":true,"href":"https:\/\/radiowebmx.com\/nota\/wp-json\/wp\/v2\/users\/2"}],"replies":[{"embeddable":true,"href":"https:\/\/radiowebmx.com\/nota\/wp-json\/wp\/v2\/comments?post=37821"}],"version-history":[{"count":1,"href":"https:\/\/radiowebmx.com\/nota\/wp-json\/wp\/v2\/posts\/37821\/revisions"}],"predecessor-version":[{"id":37823,"href":"https:\/\/radiowebmx.com\/nota\/wp-json\/wp\/v2\/posts\/37821\/revisions\/37823"}],"wp:featuredmedia":[{"embeddable":true,"href":"https:\/\/radiowebmx.com\/nota\/wp-json\/wp\/v2\/media\/37822"}],"wp:attachment":[{"href":"https:\/\/radiowebmx.com\/nota\/wp-json\/wp\/v2\/media?parent=37821"}],"wp:term":[{"taxonomy":"category","embeddable":true,"href":"https:\/\/radiowebmx.com\/nota\/wp-json\/wp\/v2\/categories?post=37821"},{"taxonomy":"post_tag","embeddable":true,"href":"https:\/\/radiowebmx.com\/nota\/wp-json\/wp\/v2\/tags?post=37821"}],"curies":[{"name":"wp","href":"https:\/\/api.w.org\/{rel}","templated":true}]}}