{"id":37795,"date":"2017-06-14T21:32:10","date_gmt":"2017-06-15T02:32:10","guid":{"rendered":"https:\/\/radiowebmx.com\/nota\/?p=37795"},"modified":"2017-06-14T21:32:10","modified_gmt":"2017-06-15T02:32:10","slug":"hoy-hemos-aprobado-la-ley-para-la-atencion-y-proteccion-de-los-migrantes","status":"publish","type":"post","link":"https:\/\/radiowebmx.com\/nota\/hoy-hemos-aprobado-la-ley-para-la-atencion-y-proteccion-de-los-migrantes\/","title":{"rendered":"Hoy hemos aprobado la Ley para la Atenci\u00f3n y Protecci\u00f3n de los Migrantes"},"content":{"rendered":"<p>Hoy hemos aprobado la Ley para la Atenci\u00f3n y Protecci\u00f3n de los Migrantes y sus Familias del Estado de Michoac\u00e1n, como un ordenamiento de protecci\u00f3n de sus derechos en nuestro estado y pa\u00eds, as\u00ed como fuera de la Naci\u00f3n.<\/p>\n<p><a href=\"https:\/\/radiowebmx.com\/nota\/wp-content\/uploads\/2017\/06\/19059629_1597439800288564_149976241351350454_n.jpg\"><img loading=\"lazy\" decoding=\"async\" class=\"size-medium wp-image-37796 aligncenter\" src=\"https:\/\/radiowebmx.com\/nota\/wp-content\/uploads\/2017\/06\/19059629_1597439800288564_149976241351350454_n-595x530.jpg\" alt=\"\" width=\"595\" height=\"530\" srcset=\"https:\/\/radiowebmx.com\/nota\/wp-content\/uploads\/2017\/06\/19059629_1597439800288564_149976241351350454_n-595x530.jpg 595w, https:\/\/radiowebmx.com\/nota\/wp-content\/uploads\/2017\/06\/19059629_1597439800288564_149976241351350454_n.jpg 718w\" sizes=\"auto, (max-width: 595px) 100vw, 595px\" \/><\/a><\/p>\n<p>Se generan organismos sin honorarios, pero si grandes responsabilidades para Un gran paso para Michoac\u00e1n que somos una entidad con gran tradici\u00f3n migrante y por ello ocupamos responder a las condiciones y retos que vivimos hoy en este tema que tiene profundas ra\u00edces en toda nuestra entidad.<\/p>\n<p>Esperamos una pronta promulgaci\u00f3n de la misma por parte del Titular del Poder Ejecutivo del Estado.<\/p>\n","protected":false},"excerpt":{"rendered":"<p>Hoy hemos aprobado la Ley para la Atenci\u00f3n y Protecci\u00f3n de los Migrantes y sus Familias del Estado de Michoac\u00e1n, como un ordenamiento de protecci\u00f3n de sus derechos en nuestro estado y pa\u00eds, as\u00ed como fuera de la Naci\u00f3n. Se generan organismos sin honorarios, pero si grandes responsabilidades para Un gran paso para Michoac\u00e1n que [&hellip;]<\/p>\n","protected":false},"author":2,"featured_media":37797,"comment_status":"closed","ping_status":"closed","sticky":false,"template":"","format":"standard","meta":{"footnotes":""},"categories":[6,7],"tags":[],"class_list":["post-37795","post","type-post","status-publish","format-standard","has-post-thumbnail","hentry","category-congreso-del-estado","category-grupo-parlamentario-del-pri"],"_links":{"self":[{"href":"https:\/\/radiowebmx.com\/nota\/wp-json\/wp\/v2\/posts\/37795","targetHints":{"allow":["GET"]}}],"collection":[{"href":"https:\/\/radiowebmx.com\/nota\/wp-json\/wp\/v2\/posts"}],"about":[{"href":"https:\/\/radiowebmx.com\/nota\/wp-json\/wp\/v2\/types\/post"}],"author":[{"embeddable":true,"href":"https:\/\/radiowebmx.com\/nota\/wp-json\/wp\/v2\/users\/2"}],"replies":[{"embeddable":true,"href":"https:\/\/radiowebmx.com\/nota\/wp-json\/wp\/v2\/comments?post=37795"}],"version-history":[{"count":1,"href":"https:\/\/radiowebmx.com\/nota\/wp-json\/wp\/v2\/posts\/37795\/revisions"}],"predecessor-version":[{"id":37798,"href":"https:\/\/radiowebmx.com\/nota\/wp-json\/wp\/v2\/posts\/37795\/revisions\/37798"}],"wp:featuredmedia":[{"embeddable":true,"href":"https:\/\/radiowebmx.com\/nota\/wp-json\/wp\/v2\/media\/37797"}],"wp:attachment":[{"href":"https:\/\/radiowebmx.com\/nota\/wp-json\/wp\/v2\/media?parent=37795"}],"wp:term":[{"taxonomy":"category","embeddable":true,"href":"https:\/\/radiowebmx.com\/nota\/wp-json\/wp\/v2\/categories?post=37795"},{"taxonomy":"post_tag","embeddable":true,"href":"https:\/\/radiowebmx.com\/nota\/wp-json\/wp\/v2\/tags?post=37795"}],"curies":[{"name":"wp","href":"https:\/\/api.w.org\/{rel}","templated":true}]}}