{"id":37651,"date":"2017-06-13T17:31:08","date_gmt":"2017-06-13T22:31:08","guid":{"rendered":"https:\/\/radiowebmx.com\/nota\/?p=37651"},"modified":"2017-06-14T10:38:52","modified_gmt":"2017-06-14T15:38:52","slug":"inicia-en-michoacan-el-operativo-bienvenido-paisano-verano-2017","status":"publish","type":"post","link":"https:\/\/radiowebmx.com\/nota\/inicia-en-michoacan-el-operativo-bienvenido-paisano-verano-2017\/","title":{"rendered":"Inicia en Michoac\u00e1n el Operativo Bienvenido Paisano Verano 2017"},"content":{"rendered":"<p>Salvaguardar los derechos de los connacionales al ingresar, transitar, salir o retonar de sus comunidades de origen, el objetivo.<\/p>\n<p> <a href=\"https:\/\/radiowebmx.com\/nota\/wp-content\/uploads\/2017\/06\/f7f2e926-117f-4458-b425-e03504c25dfb-1.jpg\"><img loading=\"lazy\" decoding=\"async\" src=\"https:\/\/radiowebmx.com\/nota\/wp-content\/uploads\/2017\/06\/f7f2e926-117f-4458-b425-e03504c25dfb-1-595x416.jpg\" alt=\"\" width=\"595\" height=\"416\" class=\"alignnone size-medium wp-image-37653\" srcset=\"https:\/\/radiowebmx.com\/nota\/wp-content\/uploads\/2017\/06\/f7f2e926-117f-4458-b425-e03504c25dfb-1-595x416.jpg 595w, https:\/\/radiowebmx.com\/nota\/wp-content\/uploads\/2017\/06\/f7f2e926-117f-4458-b425-e03504c25dfb-1.jpg 709w\" sizes=\"auto, (max-width: 595px) 100vw, 595px\" \/><\/a><br \/>\nMorelia, Michoac\u00e1n, a 13 de junio de 2017.- El Gobierno del Estado, que encabeza Silvano Aureoles Conejo, a trav\u00e9s de la Secretar\u00eda del Migrante (Semigrante) y en coordinaci\u00f3n con el Instituto Nacional de Migraci\u00f3n (INM), puso en marcha el Operativo Bienvenido Paisano Verano 2017, cuyo objetivo es salvaguardar los derechos de los connacionales al ingresar, transitar, salir o retornar a sus comunidades de origen.<\/p>\n<p>En conferencia de prensa, autoridades de la Semigrante y del INM informaron que desde el 12 de junio y hasta el 17 de agosto hay modulos fijos en los aeropuertos internacionales de Morelia y Uruapan, en la Terminal de Autobuses de Morelia, as\u00ed como puntos de observaci\u00f3n en Morelia, Uruapan, L\u00e1zaro C\u00e1rdenas, Arteaga, Aquila, Coahuayana, Tac\u00e1mbaro y P\u00e1tzcuaro. El paradero de descanso se ubica en la entrada al municipio de Tar\u00edmbaro.<\/p>\n<p>Cabe recordar que durante el operativo de verano 2016 se atendieron a 71 mil 337 paisanos, y se espera una cifra similar este a\u00f1o.<\/p>\n<p>Destacaron que se ha dispuesto vigilancia en las r\u00faas de ingreso y tr\u00e1nsito por parte de las corporaciones de seguridad de los tres \u00f3rdenes de gobierno, garantizando la seguridad de los connacionales.<\/p>\n<p>Semigrante hace una invitaci\u00f3n a los connacionales a planear el viaje, informarse y, sobre todo, incentivar la cultura de la denuncia, para garantizar que se les d\u00e9 seguimiento a sus quejas y prevenir posibles abusos.<\/p>\n<p>Por su parte, el INM exhorta a las y los paisanos a denunciar todo abuso o extorsi\u00f3n de cualquier persona o autoridad, para lo cual pone a disposici\u00f3n el correo atencionpaisano@inami.gob.mx, donde se reciben quejas y\/o sugerencias.<\/p>\n","protected":false},"excerpt":{"rendered":"<p>Salvaguardar los derechos de los connacionales al ingresar, transitar, salir o retonar de sus comunidades de origen, el objetivo. Morelia, Michoac\u00e1n, a 13 de junio de 2017.- El Gobierno del Estado, que encabeza Silvano Aureoles Conejo, a trav\u00e9s de la Secretar\u00eda del Migrante (Semigrante) y en coordinaci\u00f3n con el Instituto Nacional de Migraci\u00f3n (INM), puso [&hellip;]<\/p>\n","protected":false},"author":2,"featured_media":37653,"comment_status":"closed","ping_status":"closed","sticky":false,"template":"","format":"standard","meta":{"footnotes":""},"categories":[14,3,60],"tags":[],"class_list":["post-37651","post","type-post","status-publish","format-standard","has-post-thumbnail","hentry","category-destacadas","category-gobierno-del-estado-de-michoacan","category-michoacan"],"_links":{"self":[{"href":"https:\/\/radiowebmx.com\/nota\/wp-json\/wp\/v2\/posts\/37651","targetHints":{"allow":["GET"]}}],"collection":[{"href":"https:\/\/radiowebmx.com\/nota\/wp-json\/wp\/v2\/posts"}],"about":[{"href":"https:\/\/radiowebmx.com\/nota\/wp-json\/wp\/v2\/types\/post"}],"author":[{"embeddable":true,"href":"https:\/\/radiowebmx.com\/nota\/wp-json\/wp\/v2\/users\/2"}],"replies":[{"embeddable":true,"href":"https:\/\/radiowebmx.com\/nota\/wp-json\/wp\/v2\/comments?post=37651"}],"version-history":[{"count":1,"href":"https:\/\/radiowebmx.com\/nota\/wp-json\/wp\/v2\/posts\/37651\/revisions"}],"predecessor-version":[{"id":37654,"href":"https:\/\/radiowebmx.com\/nota\/wp-json\/wp\/v2\/posts\/37651\/revisions\/37654"}],"wp:featuredmedia":[{"embeddable":true,"href":"https:\/\/radiowebmx.com\/nota\/wp-json\/wp\/v2\/media\/37653"}],"wp:attachment":[{"href":"https:\/\/radiowebmx.com\/nota\/wp-json\/wp\/v2\/media?parent=37651"}],"wp:term":[{"taxonomy":"category","embeddable":true,"href":"https:\/\/radiowebmx.com\/nota\/wp-json\/wp\/v2\/categories?post=37651"},{"taxonomy":"post_tag","embeddable":true,"href":"https:\/\/radiowebmx.com\/nota\/wp-json\/wp\/v2\/tags?post=37651"}],"curies":[{"name":"wp","href":"https:\/\/api.w.org\/{rel}","templated":true}]}}