{"id":37627,"date":"2017-06-13T14:35:20","date_gmt":"2017-06-13T19:35:20","guid":{"rendered":"https:\/\/radiowebmx.com\/nota\/?p=37627"},"modified":"2017-06-13T14:42:28","modified_gmt":"2017-06-13T19:42:28","slug":"imumo-establece-red-de-apoyo-al-sector-femenil-con-organizaciones-civiles","status":"publish","type":"post","link":"https:\/\/radiowebmx.com\/nota\/imumo-establece-red-de-apoyo-al-sector-femenil-con-organizaciones-civiles\/","title":{"rendered":"IMUMO establece red de apoyo al sector femenil con organizaciones civiles"},"content":{"rendered":"<p><a href=\"https:\/\/radiowebmx.com\/nota\/wp-content\/uploads\/2017\/06\/7eff0d4f-bba8-491a-9a6e-62ec9cb3ee3a.jpeg\"><img loading=\"lazy\" decoding=\"async\" src=\"https:\/\/radiowebmx.com\/nota\/wp-content\/uploads\/2017\/06\/7eff0d4f-bba8-491a-9a6e-62ec9cb3ee3a-595x396.jpeg\" alt=\"\" width=\"595\" height=\"396\" class=\"alignnone size-medium wp-image-37628\" srcset=\"https:\/\/radiowebmx.com\/nota\/wp-content\/uploads\/2017\/06\/7eff0d4f-bba8-491a-9a6e-62ec9cb3ee3a-595x396.jpeg 595w, https:\/\/radiowebmx.com\/nota\/wp-content\/uploads\/2017\/06\/7eff0d4f-bba8-491a-9a6e-62ec9cb3ee3a.jpeg 709w\" sizes=\"auto, (max-width: 595px) 100vw, 595px\" \/><\/a><\/p>\n<p>A casi un a\u00f1o de que fuera decretada la Alerta de G\u00e9nero en contra de la mujer en el Estado de Michoac\u00e1n, el Gobierno Municipal a trav\u00e9s del Instituto de la Mujer Moreliana contin\u00faa estableciendo estrategias de acercamiento con este sector, raz\u00f3n por la cual este martes la Directora de la dependencia Mar\u00eda Eugenia Romero Olvera, encabez\u00f3 una reuni\u00f3n informativa de vinculaci\u00f3n con miembros de la sociedad civil.<\/p>\n<p>Romero Olvera detall\u00f3 que en la reuni\u00f3n participaron 17 asociaciones y grupos sociales, dirigidos principalmente a la ayuda al sector femenil, a los cuales se les informaron las acciones emprendidas por el IMUMO, para erradicar la violencia de g\u00e9nero y establecer una agenda de estrategias a seguir a futuro.<\/p>\n<p>\u201cHemos recibido a 17 asociaciones, queremos tener esta vinculaci\u00f3n, establecer estas redes de acciones de ayudas entre unas y otras\u201d, subray\u00f3.<\/p>\n<p>Luego de esta reuni\u00f3n de vinculaci\u00f3n, la titular de la dependencia dijo que establecer\u00e1 un plan de apoyo a las actividades de los diversos grupos presentes, para continuar erradicando la violencia en contra de la mujer moreliana.<\/p>\n<p>En este tenor, Mar\u00eda Eugenia Romero enumer\u00f3 algunas de las estrategias de prevenci\u00f3n de la violencia a la mujer efectuadas a lo largo del \u00faltimo a\u00f1o, entre las que destacan por supuesto la atenci\u00f3n brindada en el Centro de Atenci\u00f3n a V\u00edctimas, donde las mujeres reciben asesor\u00eda legal, atenci\u00f3n m\u00e9dica y psicol\u00f3gica; los talleres impartidos de diversas ramas como bisuter\u00eda, bordados, reposter\u00eda y ahora afinaci\u00f3n de motores de inyecci\u00f3n, rompiendo con este \u00faltimo todo esquema y prejuicio, y empoderando as\u00ed econ\u00f3micamente a las beneficiarias.<\/p>\n<p>La instalaci\u00f3n de 4 m\u00f3dulos de atenci\u00f3n inmediata a mujeres, uno ubicado en el Centro de Atenci\u00f3n a Victimas en la salida a Quiroga, el otro en las Instalaciones del IMUMO, el de la Tenencia Morelos y el ultimo construido en el Fraccionamiento Villas del Pedregal, dan cuenta de la intenci\u00f3n de disminuir los focos rojos que han evidenciado estas zonas de la Capital Michoacana, en cuanto a la violencia femenina.<\/p>\n<p>Las asociaciones y grupos presentes en la reuni\u00f3n celebrada en las instalaciones del IMUMO y con los cuales comenzar\u00e1 una estrecha relaci\u00f3n de acciones de trabajo son:<br \/>\nLa Asociaci\u00f3n Mexicana de Psicolog\u00eda y Desarrollo Comunitario, DULMICH S.A de C.V., Colectivo Coraz\u00f3n Joven, Colectivo las Desobedientes, Rotario Tres Mar\u00edas, Luna Nueva Promoci\u00f3n Cultural A.C, FIDSS A.C, Asociaci\u00f3n Gilberto Mich, Prueba para la Vida, MSy J, Centros de Integraci\u00f3n Juvenil A.C. Morelia, Mujeres por la Democracia Gen\u00e9rica A.C, Equidad y conciencia colectiva A.C, Despertares del Odio al Amor A.C, DHILEMA, Voz de Mujer A.C. y CAMVI A.C.<\/p>\n","protected":false},"excerpt":{"rendered":"<p>A casi un a\u00f1o de que fuera decretada la Alerta de G\u00e9nero en contra de la mujer en el Estado de Michoac\u00e1n, el Gobierno Municipal a trav\u00e9s del Instituto de la Mujer Moreliana contin\u00faa estableciendo estrategias de acercamiento con este sector, raz\u00f3n por la cual este martes la Directora de la dependencia Mar\u00eda Eugenia Romero [&hellip;]<\/p>\n","protected":false},"author":2,"featured_media":37628,"comment_status":"closed","ping_status":"closed","sticky":false,"template":"","format":"standard","meta":{"footnotes":""},"categories":[14,9],"tags":[],"class_list":["post-37627","post","type-post","status-publish","format-standard","has-post-thumbnail","hentry","category-destacadas","category-morelia"],"_links":{"self":[{"href":"https:\/\/radiowebmx.com\/nota\/wp-json\/wp\/v2\/posts\/37627","targetHints":{"allow":["GET"]}}],"collection":[{"href":"https:\/\/radiowebmx.com\/nota\/wp-json\/wp\/v2\/posts"}],"about":[{"href":"https:\/\/radiowebmx.com\/nota\/wp-json\/wp\/v2\/types\/post"}],"author":[{"embeddable":true,"href":"https:\/\/radiowebmx.com\/nota\/wp-json\/wp\/v2\/users\/2"}],"replies":[{"embeddable":true,"href":"https:\/\/radiowebmx.com\/nota\/wp-json\/wp\/v2\/comments?post=37627"}],"version-history":[{"count":1,"href":"https:\/\/radiowebmx.com\/nota\/wp-json\/wp\/v2\/posts\/37627\/revisions"}],"predecessor-version":[{"id":37629,"href":"https:\/\/radiowebmx.com\/nota\/wp-json\/wp\/v2\/posts\/37627\/revisions\/37629"}],"wp:featuredmedia":[{"embeddable":true,"href":"https:\/\/radiowebmx.com\/nota\/wp-json\/wp\/v2\/media\/37628"}],"wp:attachment":[{"href":"https:\/\/radiowebmx.com\/nota\/wp-json\/wp\/v2\/media?parent=37627"}],"wp:term":[{"taxonomy":"category","embeddable":true,"href":"https:\/\/radiowebmx.com\/nota\/wp-json\/wp\/v2\/categories?post=37627"},{"taxonomy":"post_tag","embeddable":true,"href":"https:\/\/radiowebmx.com\/nota\/wp-json\/wp\/v2\/tags?post=37627"}],"curies":[{"name":"wp","href":"https:\/\/api.w.org\/{rel}","templated":true}]}}