{"id":37578,"date":"2017-06-12T18:31:26","date_gmt":"2017-06-12T23:31:26","guid":{"rendered":"https:\/\/radiowebmx.com\/nota\/?p=37578"},"modified":"2017-06-13T13:35:40","modified_gmt":"2017-06-13T18:35:40","slug":"comisiones-unidas-aprueban-convocatoria-para-renovar-consejo-de-la-cedh","status":"publish","type":"post","link":"https:\/\/radiowebmx.com\/nota\/comisiones-unidas-aprueban-convocatoria-para-renovar-consejo-de-la-cedh\/","title":{"rendered":"Comisiones Unidas aprueban convocatoria para renovar Consejo de la CEDH"},"content":{"rendered":"<p>Aspirantes tienen para registrarse el pr\u00f3ximo 3 de julio<\/p>\n<p><a href=\"https:\/\/radiowebmx.com\/nota\/wp-content\/uploads\/2017\/06\/Comunicado-808.jpg\"><img loading=\"lazy\" decoding=\"async\" src=\"https:\/\/radiowebmx.com\/nota\/wp-content\/uploads\/2017\/06\/Comunicado-808-595x340.jpg\" alt=\"\" width=\"595\" height=\"340\" class=\"alignnone size-medium wp-image-37579\" srcset=\"https:\/\/radiowebmx.com\/nota\/wp-content\/uploads\/2017\/06\/Comunicado-808-595x340.jpg 595w, https:\/\/radiowebmx.com\/nota\/wp-content\/uploads\/2017\/06\/Comunicado-808.jpg 709w\" sizes=\"auto, (max-width: 595px) 100vw, 595px\" \/><\/a> <\/p>\n<p>Morelia; Michoac\u00e1n, 12 de junio de 2017.-  Los diputados Nalleli Pedraza, presidenta de la Comisi\u00f3n de Derechos Humanos y que integra Raymundo Arreola; as\u00ed como los legisladores \u00c1ngel Cedillo, Ernesto N\u00fa\u00f1ez y Xochitl Ru\u00edz, presidente e integrante de la Comisi\u00f3n de Justicia, aprobaron en reuni\u00f3n de trabajo la convocatoria para la elecci\u00f3n de cuatro consejeros propietarios y sus suplentes del Consejo de la Comisi\u00f3n Estatal de los Derechos Humanos. El periodo de registro de aspirantes ser\u00e1 el pr\u00f3ximo 3 de julio con un horario de 9:00 a 15:00 horas y de 18:00 a 21:00 horas, en el Congreso del Estado.<\/p>\n<p>La convocatoria que est\u00e1 dirigida a la sociedad civil, a las universidades, organismos sociales, colegios de profesionistas y a la sociedad en general, ser\u00e1 puesta a consideraci\u00f3n del Pleno en la pr\u00f3xima sesi\u00f3n, establece como requisitos para aspirar a dicho cargo de car\u00e1cter honor\u00edfico: ser ciudadano mexicano en pleno goce de sus derechos civiles y pol\u00edticos; contar con preparaci\u00f3n acad\u00e9mica y experiencia en materia de Derechos Humanos; distinguirse por su servicio, inter\u00e9s y participaci\u00f3n en la defensa, difusi\u00f3n y promoci\u00f3n de los Derechos Humanos; no ser dirigente o candidato de partido pol\u00edtico alguno; entre otros.<\/p>\n<p>Los aspirantes que cumplan con los anteriores requisitos deber\u00e1n presentar por escrito su solicitud de registro y los documentos comprobatorios ante la Secretar\u00eda de Servicios Parlamentarios del Congreso del Estado, ubicada en el Palacio del Poder Legislativo, en el n\u00famero 97 de la calle Francisco I. Madero Oriente, centro, Morelia, Michoac\u00e1n.<\/p>\n<p>Asimismo, los parlamentarios establecieron que una vez cerrado el periodo de solicitudes, estos se reunir\u00e1n para analizar las solicitudes y documentos presentados por los aspirantes, para posteriormente llamar a los que cumplieron con las bases establecidas  para que comparezcan ante las comisiones unidas, en donde tendr\u00e1n que presentar su visi\u00f3n sobre los Derechos Humanos.<\/p>\n<p>Finalmente, los integrantes de las comisiones de Derechos Humanos y de Justicia, integrar\u00e1n una terna para presentar ante el Pleno del Congreso del Estado, para su votaci\u00f3n y en su caso toma de protesta de los consejeros electos que durar\u00e1n en su encargo a partir del seis de julio de 2017 al cinco de julio de 2019.<\/p>\n","protected":false},"excerpt":{"rendered":"<p>Aspirantes tienen para registrarse el pr\u00f3ximo 3 de julio Morelia; Michoac\u00e1n, 12 de junio de 2017.- Los diputados Nalleli Pedraza, presidenta de la Comisi\u00f3n de Derechos Humanos y que integra Raymundo Arreola; as\u00ed como los legisladores \u00c1ngel Cedillo, Ernesto N\u00fa\u00f1ez y Xochitl Ru\u00edz, presidente e integrante de la Comisi\u00f3n de Justicia, aprobaron en reuni\u00f3n de [&hellip;]<\/p>\n","protected":false},"author":2,"featured_media":37579,"comment_status":"closed","ping_status":"closed","sticky":false,"template":"","format":"standard","meta":{"footnotes":""},"categories":[6,14],"tags":[],"class_list":["post-37578","post","type-post","status-publish","format-standard","has-post-thumbnail","hentry","category-congreso-del-estado","category-destacadas"],"_links":{"self":[{"href":"https:\/\/radiowebmx.com\/nota\/wp-json\/wp\/v2\/posts\/37578","targetHints":{"allow":["GET"]}}],"collection":[{"href":"https:\/\/radiowebmx.com\/nota\/wp-json\/wp\/v2\/posts"}],"about":[{"href":"https:\/\/radiowebmx.com\/nota\/wp-json\/wp\/v2\/types\/post"}],"author":[{"embeddable":true,"href":"https:\/\/radiowebmx.com\/nota\/wp-json\/wp\/v2\/users\/2"}],"replies":[{"embeddable":true,"href":"https:\/\/radiowebmx.com\/nota\/wp-json\/wp\/v2\/comments?post=37578"}],"version-history":[{"count":1,"href":"https:\/\/radiowebmx.com\/nota\/wp-json\/wp\/v2\/posts\/37578\/revisions"}],"predecessor-version":[{"id":37580,"href":"https:\/\/radiowebmx.com\/nota\/wp-json\/wp\/v2\/posts\/37578\/revisions\/37580"}],"wp:featuredmedia":[{"embeddable":true,"href":"https:\/\/radiowebmx.com\/nota\/wp-json\/wp\/v2\/media\/37579"}],"wp:attachment":[{"href":"https:\/\/radiowebmx.com\/nota\/wp-json\/wp\/v2\/media?parent=37578"}],"wp:term":[{"taxonomy":"category","embeddable":true,"href":"https:\/\/radiowebmx.com\/nota\/wp-json\/wp\/v2\/categories?post=37578"},{"taxonomy":"post_tag","embeddable":true,"href":"https:\/\/radiowebmx.com\/nota\/wp-json\/wp\/v2\/tags?post=37578"}],"curies":[{"name":"wp","href":"https:\/\/api.w.org\/{rel}","templated":true}]}}