{"id":37551,"date":"2017-06-12T11:57:38","date_gmt":"2017-06-12T16:57:38","guid":{"rendered":"https:\/\/radiowebmx.com\/nota\/?p=37551"},"modified":"2017-06-13T12:18:48","modified_gmt":"2017-06-13T17:18:48","slug":"corresponsabilidad-entre-poderes-fundamental-contra-la-impunidad-adrian-lopez","status":"publish","type":"post","link":"https:\/\/radiowebmx.com\/nota\/corresponsabilidad-entre-poderes-fundamental-contra-la-impunidad-adrian-lopez\/","title":{"rendered":"Corresponsabilidad entre Poderes, fundamental contra la impunidad: Adri\u00e1n L\u00f3pez"},"content":{"rendered":"<p>&nbsp;<\/p>\n<p>&nbsp;<\/p>\n<p><strong>Morelia, Michoac\u00e1n a 12 de junio del 2017.-<\/strong> La responsabilidad de combatir la impunidad a trav\u00e9s de la justicia y la legalidad demanda la participaci\u00f3n de todos los Poderes, afirm\u00f3 el Secretario de Gobierno, Adri\u00e1n L\u00f3pez Sol\u00eds.<\/p>\n<p>&nbsp;<\/p>\n<p>En ese sentido, sostuvo que el Poder Ejecutivo mantendr\u00e1 una comunicaci\u00f3n e interlocuci\u00f3n constante con los otros Poderes para ofrecer soluciones conjuntas a los problemas que enfrentan los michoacanos.<\/p>\n<p>&nbsp;<\/p>\n<p>L\u00f3pez Sol\u00eds expres\u00f3 que en un estado democr\u00e1tico y de leyes, las divergencias son v\u00e1lidas, siempre y cuando \u00e9stas abonen a mejorar el bienestar de los ciudadanos.<\/p>\n<p>&nbsp;<\/p>\n<p>&#8220;Es necesario que en coordinaci\u00f3n los Poderes de la entidad analicen las fortalezas y pendientes que han emergido con la implementaci\u00f3n del Nuevo Sistema de Justicia Penal para fortalecerlo en beneficio de la seguridad, la justicia y los derechos humanos de los michoacanos&#8221;, expres\u00f3.<\/p>\n<p>&nbsp;<\/p>\n<p>Asimismo, ratific\u00f3 el compromiso del Ejecutivo Estatal para capacitar y actualizar de forma permanente a todos los elementos de los cuerpos de seguridad e instituciones de procuraci\u00f3n de justicia para ofrecer m\u00e1s y mejores resultados a la ciudadan\u00eda.<\/p>\n","protected":false},"excerpt":{"rendered":"<p>&nbsp; &nbsp; Morelia, Michoac\u00e1n a 12 de junio del 2017.- La responsabilidad de combatir la impunidad a trav\u00e9s de la justicia y la legalidad demanda la participaci\u00f3n de todos los Poderes, afirm\u00f3 el Secretario de Gobierno, Adri\u00e1n L\u00f3pez Sol\u00eds. &nbsp; En ese sentido, sostuvo que el Poder Ejecutivo mantendr\u00e1 una comunicaci\u00f3n e interlocuci\u00f3n constante con [&hellip;]<\/p>\n","protected":false},"author":2,"featured_media":37552,"comment_status":"closed","ping_status":"closed","sticky":false,"template":"","format":"standard","meta":{"footnotes":""},"categories":[14,3],"tags":[],"class_list":["post-37551","post","type-post","status-publish","format-standard","has-post-thumbnail","hentry","category-destacadas","category-gobierno-del-estado-de-michoacan"],"_links":{"self":[{"href":"https:\/\/radiowebmx.com\/nota\/wp-json\/wp\/v2\/posts\/37551","targetHints":{"allow":["GET"]}}],"collection":[{"href":"https:\/\/radiowebmx.com\/nota\/wp-json\/wp\/v2\/posts"}],"about":[{"href":"https:\/\/radiowebmx.com\/nota\/wp-json\/wp\/v2\/types\/post"}],"author":[{"embeddable":true,"href":"https:\/\/radiowebmx.com\/nota\/wp-json\/wp\/v2\/users\/2"}],"replies":[{"embeddable":true,"href":"https:\/\/radiowebmx.com\/nota\/wp-json\/wp\/v2\/comments?post=37551"}],"version-history":[{"count":1,"href":"https:\/\/radiowebmx.com\/nota\/wp-json\/wp\/v2\/posts\/37551\/revisions"}],"predecessor-version":[{"id":37553,"href":"https:\/\/radiowebmx.com\/nota\/wp-json\/wp\/v2\/posts\/37551\/revisions\/37553"}],"wp:featuredmedia":[{"embeddable":true,"href":"https:\/\/radiowebmx.com\/nota\/wp-json\/wp\/v2\/media\/37552"}],"wp:attachment":[{"href":"https:\/\/radiowebmx.com\/nota\/wp-json\/wp\/v2\/media?parent=37551"}],"wp:term":[{"taxonomy":"category","embeddable":true,"href":"https:\/\/radiowebmx.com\/nota\/wp-json\/wp\/v2\/categories?post=37551"},{"taxonomy":"post_tag","embeddable":true,"href":"https:\/\/radiowebmx.com\/nota\/wp-json\/wp\/v2\/tags?post=37551"}],"curies":[{"name":"wp","href":"https:\/\/api.w.org\/{rel}","templated":true}]}}