{"id":37522,"date":"2017-06-13T11:31:09","date_gmt":"2017-06-13T16:31:09","guid":{"rendered":"https:\/\/radiowebmx.com\/nota\/?p=37522"},"modified":"2017-06-13T12:42:19","modified_gmt":"2017-06-13T17:42:19","slug":"lleva-gobierno-del-estado-programas-y-servicios-a-capula","status":"publish","type":"post","link":"https:\/\/radiowebmx.com\/nota\/lleva-gobierno-del-estado-programas-y-servicios-a-capula\/","title":{"rendered":"Lleva Gobierno del Estado programas y servicios a Capula"},"content":{"rendered":"<ul>\n<li>M\u00e1s de 4 mil habitantes de la tenencia, beneficiados con la d\u00e9cimo sexta Caravana de Servicios Integrales\u00a0 #CercaDeTi, en la que participaron 18 dependencias estatales.<\/li>\n<\/ul>\n<p><a href=\"https:\/\/radiowebmx.com\/nota\/wp-content\/uploads\/2017\/06\/e6f81c55-cb86-4013-b9bd-bc574cd5f799.jpeg\"><img loading=\"lazy\" decoding=\"async\" class=\"aligncenter wp-image-37532 \" src=\"https:\/\/radiowebmx.com\/nota\/wp-content\/uploads\/2017\/06\/e6f81c55-cb86-4013-b9bd-bc574cd5f799-e1497372513471-595x558.jpeg\" alt=\"\" width=\"500\" height=\"468\" srcset=\"https:\/\/radiowebmx.com\/nota\/wp-content\/uploads\/2017\/06\/e6f81c55-cb86-4013-b9bd-bc574cd5f799-e1497372513471-595x558.jpeg 595w, https:\/\/radiowebmx.com\/nota\/wp-content\/uploads\/2017\/06\/e6f81c55-cb86-4013-b9bd-bc574cd5f799-e1497372513471-768x720.jpeg 768w, https:\/\/radiowebmx.com\/nota\/wp-content\/uploads\/2017\/06\/e6f81c55-cb86-4013-b9bd-bc574cd5f799-e1497372513471.jpeg 960w\" sizes=\"auto, (max-width: 500px) 100vw, 500px\" \/><\/a><\/p>\n<p>En cumplimiento al compromiso de atender a las tenencias y sectores vulnerables de Morelia y subsanar el rezago de servicios que por a\u00f1os afect\u00f3 a la poblaci\u00f3n, la tarde de este viernes el Gobierno del Estado, que encabeza Silvano Aureoles Conejo, trajo las Caravanas de Servicios Integrales #CercaDeTi a esta tenencia, donde adem\u00e1s los funcionarios conocieron de primera mano las necesidades de la comunidad.<\/p>\n<p>En este marco, el coordinador de Asesores del Gobernador, Antonio Soto S\u00e1nchez, asumi\u00f3 el compromiso de gestionar el mejoramiento de vialidades e imagen de Capula, con el objetivo de incrementar la afluencia de turistas, lo que beneficiar\u00e1 a decenas de familias que se dedican a la alfarer\u00eda y a elaborar artesan\u00edas, como las mundialmente conocidas Catrinas.<\/p>\n<p>M\u00e1s de 4 mil personas acudieron a la caravana n\u00famero 16 celebrada este viernes en Capula, donde casi 2 mil servicios fueron brindados por dependencias como las secretar\u00edas de Educaci\u00f3n, Seguridad P\u00fablica, Salud, Desarrollo Econ\u00f3mico, Cultura, Pol\u00edtica Social, Igualdad Sustantiva y Desarrollo de las Mujeres, Innovaci\u00f3n, Ciencia y Desarrollo Tecnol\u00f3gico, entre otras dependencias del Gabinete Ampliado.<\/p>\n<p>A esta Caravana tambi\u00e9n asistieron, entre otros, los titulares de las secretar\u00edas de Educaci\u00f3n, Alberto Frutis Sol\u00eds; Cultura, Silvia Figueroa Zamudio; Salud, El\u00edas Ibarra Torres; Innovaci\u00f3n y Desarrollo Tecnol\u00f3gico, Jos\u00e9 Luis Monta\u00f1ez Espinosa; la directora general del Instituto de la Juventud Michoacana, Giulianna Bugarini Torres y el jefe de tenencia Humberto Trujillo Neri.<\/p>\n<p><iframe loading=\"lazy\" src=\"https:\/\/www.youtube.com\/embed\/lS5WvUsJKG4\" width=\"400\" height=\"400\" frameborder=\"0\" allowfullscreen=\"allowfullscreen\"><\/iframe><\/p>\n","protected":false},"excerpt":{"rendered":"<p>M\u00e1s de 4 mil habitantes de la tenencia, beneficiados con la d\u00e9cimo sexta Caravana de Servicios Integrales\u00a0 #CercaDeTi, en la que participaron 18 dependencias estatales. En cumplimiento al compromiso de atender a las tenencias y sectores vulnerables de Morelia y subsanar el rezago de servicios que por a\u00f1os afect\u00f3 a la poblaci\u00f3n, la tarde de [&hellip;]<\/p>\n","protected":false},"author":2,"featured_media":37531,"comment_status":"closed","ping_status":"closed","sticky":false,"template":"","format":"standard","meta":{"footnotes":""},"categories":[14,3],"tags":[],"class_list":["post-37522","post","type-post","status-publish","format-standard","has-post-thumbnail","hentry","category-destacadas","category-gobierno-del-estado-de-michoacan"],"_links":{"self":[{"href":"https:\/\/radiowebmx.com\/nota\/wp-json\/wp\/v2\/posts\/37522","targetHints":{"allow":["GET"]}}],"collection":[{"href":"https:\/\/radiowebmx.com\/nota\/wp-json\/wp\/v2\/posts"}],"about":[{"href":"https:\/\/radiowebmx.com\/nota\/wp-json\/wp\/v2\/types\/post"}],"author":[{"embeddable":true,"href":"https:\/\/radiowebmx.com\/nota\/wp-json\/wp\/v2\/users\/2"}],"replies":[{"embeddable":true,"href":"https:\/\/radiowebmx.com\/nota\/wp-json\/wp\/v2\/comments?post=37522"}],"version-history":[{"count":11,"href":"https:\/\/radiowebmx.com\/nota\/wp-json\/wp\/v2\/posts\/37522\/revisions"}],"predecessor-version":[{"id":37562,"href":"https:\/\/radiowebmx.com\/nota\/wp-json\/wp\/v2\/posts\/37522\/revisions\/37562"}],"wp:featuredmedia":[{"embeddable":true,"href":"https:\/\/radiowebmx.com\/nota\/wp-json\/wp\/v2\/media\/37531"}],"wp:attachment":[{"href":"https:\/\/radiowebmx.com\/nota\/wp-json\/wp\/v2\/media?parent=37522"}],"wp:term":[{"taxonomy":"category","embeddable":true,"href":"https:\/\/radiowebmx.com\/nota\/wp-json\/wp\/v2\/categories?post=37522"},{"taxonomy":"post_tag","embeddable":true,"href":"https:\/\/radiowebmx.com\/nota\/wp-json\/wp\/v2\/tags?post=37522"}],"curies":[{"name":"wp","href":"https:\/\/api.w.org\/{rel}","templated":true}]}}