{"id":37519,"date":"2017-06-12T18:32:25","date_gmt":"2017-06-12T23:32:25","guid":{"rendered":"https:\/\/radiowebmx.com\/nota\/?p=37519"},"modified":"2017-06-13T11:09:08","modified_gmt":"2017-06-13T16:09:08","slug":"univim-presente-en-el-seminario-de-calidad-esad-mx","status":"publish","type":"post","link":"https:\/\/radiowebmx.com\/nota\/univim-presente-en-el-seminario-de-calidad-esad-mx\/","title":{"rendered":"Univim, presente en el Seminario de Calidad ESAD MX"},"content":{"rendered":"<ul>\n<li>En este espacio fueron definidos los criterios nacionales para la\u00a0evaluaci\u00f3n y acreditaci\u00f3n de calidad de los programas educativos en la modalidad mixta, en l\u00ednea y a distancia.<\/li>\n<\/ul>\n<p>&nbsp;<\/p>\n<p><a href=\"https:\/\/radiowebmx.com\/nota\/wp-content\/uploads\/2017\/06\/b663b7a6-2c81-4348-a0aa-8680e4f2963d.jpg\"><img loading=\"lazy\" decoding=\"async\" class=\"alignnone size-medium wp-image-37520\" src=\"https:\/\/radiowebmx.com\/nota\/wp-content\/uploads\/2017\/06\/b663b7a6-2c81-4348-a0aa-8680e4f2963d-595x446.jpg\" alt=\"\" width=\"595\" height=\"446\" srcset=\"https:\/\/radiowebmx.com\/nota\/wp-content\/uploads\/2017\/06\/b663b7a6-2c81-4348-a0aa-8680e4f2963d-595x446.jpg 595w, https:\/\/radiowebmx.com\/nota\/wp-content\/uploads\/2017\/06\/b663b7a6-2c81-4348-a0aa-8680e4f2963d.jpg 709w\" sizes=\"auto, (max-width: 595px) 100vw, 595px\" \/><\/a><\/p>\n<p><strong>Ciudad de M\u00e9xico, a 12 de junio de 2017.-\u00a0<\/strong>Con el compromiso de ofertar estudios de calidad en el nivel superior, la Universidad Virtual del Estado de Michoac\u00e1n (Univim) particip\u00f3 en el Seminario de Calidad ESAD MX, en donde se establecieron los criterios nacionales para la evaluaci\u00f3n y acreditaci\u00f3n de calidad de los programas educativos en la modalidad mixta, en l\u00ednea y a distancia.<\/p>\n<p>En dicho seminario fueron presentados los lineamientos de calidad por parte de los Comit\u00e9s Interinstitucionales para la Evaluaci\u00f3n de la Educaci\u00f3n Superior, el Consejo para la Acreditaci\u00f3n de la Educaci\u00f3n Superior, y la Direcci\u00f3n de Acreditaci\u00f3n, Incorporaci\u00f3n y Revalidaci\u00f3n.<\/p>\n<p>La Univim tuvo representaci\u00f3n en cuatro de las mesas de trabajo, en donde realiz\u00f3 importantes propuestas en temas como condiciones generales de operaci\u00f3n de los programas educativos a distancia, planes de estudios, ingreso y egreso, conceptos como \u201ctrayectoria escolar\u201d, personal acad\u00e9mico y de apoyo, infraestructura tecnol\u00f3gica de la informaci\u00f3n y la comunicaci\u00f3n, y servicios de apoyo.<\/p>\n<p>Todo ello, con el prop\u00f3sito de darles certeza a los estudiantes de licenciatura o posgrado en l\u00ednea, ya que contar\u00e1n con programas de calidad dise\u00f1ados adecuadamente para la transmisi\u00f3n de conocimientos con plataformas, profesores y procesos educativos validados por los organismos acreditadores nacionales e internacionales y reconocidos por la Secretar\u00eda de Educaci\u00f3n P\u00fablica.<\/p>\n<p>Asimismo, se dio a conocer el Programa Indicativo para el Desarrollo de la Educaci\u00f3n Superior a Distancia por parte de Elsa Fueyo Hern\u00e1ndez, representante del Espacio Com\u00fan de Educaci\u00f3n Superior a Distancia, el cual establece la situaci\u00f3n de la educaci\u00f3n a distancia en M\u00e9xico y propone los objetivos, estrategias, acciones y metas para el desarrollo de la educaci\u00f3n virtual y de la cual la Univim es integrante.<\/p>\n<p>Cabe mencionar que en los talleres realizados en dicho seminario estuvieron presentes los directivos de la Univim Sergio Sidney Moreno Vargas, Apolinar Serv\u00edn Arregu\u00edn y Ana Mart\u00ednez Cabello, as\u00ed como la rectora de la casa de estudios, Silvia Mendoza Valenzuela.<\/p>\n","protected":false},"excerpt":{"rendered":"<p>En este espacio fueron definidos los criterios nacionales para la\u00a0evaluaci\u00f3n y acreditaci\u00f3n de calidad de los programas educativos en la modalidad mixta, en l\u00ednea y a distancia. &nbsp; Ciudad de M\u00e9xico, a 12 de junio de 2017.-\u00a0Con el compromiso de ofertar estudios de calidad en el nivel superior, la Universidad Virtual del Estado de Michoac\u00e1n [&hellip;]<\/p>\n","protected":false},"author":2,"featured_media":37520,"comment_status":"closed","ping_status":"closed","sticky":false,"template":"","format":"standard","meta":{"footnotes":""},"categories":[14,3],"tags":[],"class_list":["post-37519","post","type-post","status-publish","format-standard","has-post-thumbnail","hentry","category-destacadas","category-gobierno-del-estado-de-michoacan"],"_links":{"self":[{"href":"https:\/\/radiowebmx.com\/nota\/wp-json\/wp\/v2\/posts\/37519","targetHints":{"allow":["GET"]}}],"collection":[{"href":"https:\/\/radiowebmx.com\/nota\/wp-json\/wp\/v2\/posts"}],"about":[{"href":"https:\/\/radiowebmx.com\/nota\/wp-json\/wp\/v2\/types\/post"}],"author":[{"embeddable":true,"href":"https:\/\/radiowebmx.com\/nota\/wp-json\/wp\/v2\/users\/2"}],"replies":[{"embeddable":true,"href":"https:\/\/radiowebmx.com\/nota\/wp-json\/wp\/v2\/comments?post=37519"}],"version-history":[{"count":1,"href":"https:\/\/radiowebmx.com\/nota\/wp-json\/wp\/v2\/posts\/37519\/revisions"}],"predecessor-version":[{"id":37521,"href":"https:\/\/radiowebmx.com\/nota\/wp-json\/wp\/v2\/posts\/37519\/revisions\/37521"}],"wp:featuredmedia":[{"embeddable":true,"href":"https:\/\/radiowebmx.com\/nota\/wp-json\/wp\/v2\/media\/37520"}],"wp:attachment":[{"href":"https:\/\/radiowebmx.com\/nota\/wp-json\/wp\/v2\/media?parent=37519"}],"wp:term":[{"taxonomy":"category","embeddable":true,"href":"https:\/\/radiowebmx.com\/nota\/wp-json\/wp\/v2\/categories?post=37519"},{"taxonomy":"post_tag","embeddable":true,"href":"https:\/\/radiowebmx.com\/nota\/wp-json\/wp\/v2\/tags?post=37519"}],"curies":[{"name":"wp","href":"https:\/\/api.w.org\/{rel}","templated":true}]}}