{"id":37507,"date":"2017-06-13T10:42:50","date_gmt":"2017-06-13T15:42:50","guid":{"rendered":"https:\/\/radiowebmx.com\/nota\/?p=37507"},"modified":"2017-06-13T10:56:58","modified_gmt":"2017-06-13T15:56:58","slug":"dif-morelia-inaugura-espacio-de-alimentacion-en-el-paramo","status":"publish","type":"post","link":"https:\/\/radiowebmx.com\/nota\/dif-morelia-inaugura-espacio-de-alimentacion-en-el-paramo\/","title":{"rendered":"DIF Morelia inaugura espacio de alimentaci\u00f3n en El P\u00e1ramo"},"content":{"rendered":"<p><a href=\"https:\/\/radiowebmx.com\/nota\/wp-content\/uploads\/2017\/06\/bc83ea22-c898-4890-9ce2-0fefa537d71e.jpeg\"><img loading=\"lazy\" decoding=\"async\" class=\"alignnone size-medium wp-image-37508\" src=\"https:\/\/radiowebmx.com\/nota\/wp-content\/uploads\/2017\/06\/bc83ea22-c898-4890-9ce2-0fefa537d71e-595x396.jpeg\" alt=\"\" width=\"595\" height=\"396\" srcset=\"https:\/\/radiowebmx.com\/nota\/wp-content\/uploads\/2017\/06\/bc83ea22-c898-4890-9ce2-0fefa537d71e-595x396.jpeg 595w, https:\/\/radiowebmx.com\/nota\/wp-content\/uploads\/2017\/06\/bc83ea22-c898-4890-9ce2-0fefa537d71e.jpeg 709w\" sizes=\"auto, (max-width: 595px) 100vw, 595px\" \/><\/a><\/p>\n<p>&nbsp;<\/p>\n<p>Con el prop\u00f3sito de fortalecer la calidad alimentaria en la sociedad, promoviendo acciones de orientaci\u00f3n para grupos vulnerables, el DIF de Morelia puso en marcha un espacio de alimentaci\u00f3n m\u00e1s en la comunidad \u201cEl P\u00e1ramo\u201d, el cual forma parte del programa federal \u201cEspacios de Alimentaci\u00f3n, Encuentro y Desarrollo\u201d.<\/p>\n<p>Al respecto, la Presidenta Honoraria del DIF Morelia, Paola Delgadillo de Mart\u00ednez, expres\u00f3 a los presentes su satisfacci\u00f3n por la apertura de este nuevo espacio, asimismo refrend\u00f3 el compromiso de seguir trabajando continuamente para que el mencionado programa llegue a m\u00e1s comunidades de este municipio.<\/p>\n<p>Tambi\u00e9n agradeci\u00f3 a todos aquellos que contribuyeron para que la apertura de este Espacio de Alimentaci\u00f3n, Encuentro y Desarrollo sea una realidad en la comunidad \u201cEl P\u00e1ramo\u201d, pues reiter\u00f3, \u201ces un apoyo muy importante que se est\u00e1 realizando, as\u00ed que sigan disfrutando de este tipo de lugares que sin duda tendr\u00e1 grandes beneficios en la forma de alimentaci\u00f3n de los asistentes\u201d.<\/p>\n<p>Es importante mencionar que con esta apertura se suman 25 Espacios de Alimentaci\u00f3n, Encuentro y Desarrollo en este municipio, mismos que operan en 19 comunidades y 6 colonias, beneficiando a un aproximado de 3 mil 254 personas con la distribuci\u00f3n de insumos alimentarios para la preparaci\u00f3n de una raci\u00f3n diaria a costos muy bajos.<\/p>\n","protected":false},"excerpt":{"rendered":"<p>&nbsp; Con el prop\u00f3sito de fortalecer la calidad alimentaria en la sociedad, promoviendo acciones de orientaci\u00f3n para grupos vulnerables, el DIF de Morelia puso en marcha un espacio de alimentaci\u00f3n m\u00e1s en la comunidad \u201cEl P\u00e1ramo\u201d, el cual forma parte del programa federal \u201cEspacios de Alimentaci\u00f3n, Encuentro y Desarrollo\u201d. Al respecto, la Presidenta Honoraria del [&hellip;]<\/p>\n","protected":false},"author":2,"featured_media":37508,"comment_status":"closed","ping_status":"closed","sticky":false,"template":"","format":"standard","meta":{"footnotes":""},"categories":[14,9],"tags":[],"class_list":["post-37507","post","type-post","status-publish","format-standard","has-post-thumbnail","hentry","category-destacadas","category-morelia"],"_links":{"self":[{"href":"https:\/\/radiowebmx.com\/nota\/wp-json\/wp\/v2\/posts\/37507","targetHints":{"allow":["GET"]}}],"collection":[{"href":"https:\/\/radiowebmx.com\/nota\/wp-json\/wp\/v2\/posts"}],"about":[{"href":"https:\/\/radiowebmx.com\/nota\/wp-json\/wp\/v2\/types\/post"}],"author":[{"embeddable":true,"href":"https:\/\/radiowebmx.com\/nota\/wp-json\/wp\/v2\/users\/2"}],"replies":[{"embeddable":true,"href":"https:\/\/radiowebmx.com\/nota\/wp-json\/wp\/v2\/comments?post=37507"}],"version-history":[{"count":1,"href":"https:\/\/radiowebmx.com\/nota\/wp-json\/wp\/v2\/posts\/37507\/revisions"}],"predecessor-version":[{"id":37510,"href":"https:\/\/radiowebmx.com\/nota\/wp-json\/wp\/v2\/posts\/37507\/revisions\/37510"}],"wp:featuredmedia":[{"embeddable":true,"href":"https:\/\/radiowebmx.com\/nota\/wp-json\/wp\/v2\/media\/37508"}],"wp:attachment":[{"href":"https:\/\/radiowebmx.com\/nota\/wp-json\/wp\/v2\/media?parent=37507"}],"wp:term":[{"taxonomy":"category","embeddable":true,"href":"https:\/\/radiowebmx.com\/nota\/wp-json\/wp\/v2\/categories?post=37507"},{"taxonomy":"post_tag","embeddable":true,"href":"https:\/\/radiowebmx.com\/nota\/wp-json\/wp\/v2\/tags?post=37507"}],"curies":[{"name":"wp","href":"https:\/\/api.w.org\/{rel}","templated":true}]}}