{"id":37290,"date":"2017-06-06T21:13:55","date_gmt":"2017-06-07T02:13:55","guid":{"rendered":"https:\/\/radiowebmx.com\/nota\/?p=37290"},"modified":"2017-06-07T10:40:14","modified_gmt":"2017-06-07T15:40:14","slug":"morelia-sede-de-eventos-culturales-de-talla-internacional","status":"publish","type":"post","link":"https:\/\/radiowebmx.com\/nota\/morelia-sede-de-eventos-culturales-de-talla-internacional\/","title":{"rendered":"Morelia, sede de eventos culturales de talla internacional"},"content":{"rendered":"<p><a href=\"https:\/\/radiowebmx.com\/nota\/wp-content\/uploads\/2017\/06\/81f319a3-d7e4-4433-afba-8ece741b3fe6.jpg\"><img loading=\"lazy\" decoding=\"async\" class=\"alignnone size-medium wp-image-37291\" src=\"https:\/\/radiowebmx.com\/nota\/wp-content\/uploads\/2017\/06\/81f319a3-d7e4-4433-afba-8ece741b3fe6-595x396.jpg\" alt=\"\" width=\"595\" height=\"396\" srcset=\"https:\/\/radiowebmx.com\/nota\/wp-content\/uploads\/2017\/06\/81f319a3-d7e4-4433-afba-8ece741b3fe6-595x396.jpg 595w, https:\/\/radiowebmx.com\/nota\/wp-content\/uploads\/2017\/06\/81f319a3-d7e4-4433-afba-8ece741b3fe6.jpg 709w\" sizes=\"auto, (max-width: 595px) 100vw, 595px\" \/><\/a><\/p>\n<p>&nbsp;<\/p>\n<p>Morelia se encuentra listo para recibir la edici\u00f3n n\u00famero 27 del Festival Internacional de Guitarra, que se llevar\u00e1 a cabo del 12 al 16 de junio, y que tendr\u00e1 la participaci\u00f3n de artistas internacionales de pa\u00edses como Espa\u00f1a, Italia, Cuba, Alemania y Polonia.<\/p>\n<p>La Secretaria de Turismo de Morelia, Thelma Aquique Arrieta acudi\u00f3 a la rueda de prensa donde se brindaron los pormenores de esta edici\u00f3n y en donde el maestro Ra\u00fal Olmos, representante de este Festival, agradeci\u00f3 la suma de esfuerzos de las instancias de gobierno para poder llevar a cabo este festival.<\/p>\n<p>En su intervenci\u00f3n, Thelma Aquique Arrieta, mencion\u00f3 que cerrando este primer semestre del a\u00f1o, se han obtenido importantes resultados en materia tur\u00edstica y que el\u00a0Festival Internacional de Guitarra dar\u00e1 inicio a la temporada de festivales durante el segundo semestre de este a\u00f1o.<\/p>\n<p>Aquique Arrieta mencion\u00f3 que previo a la inauguraci\u00f3n de este festival, el pr\u00f3ximo 10 de junio previo al tradicional encendido de catedral, la Avenida Madero se llenar\u00e1 de m\u00fasica y baile con una noche de flamenco y jazz gracias a los participantes de este festival.<\/p>\n<p>De igual manera, destac\u00f3 la promoci\u00f3n de Morelia a trav\u00e9s de sus diversas sedes en donde se llevar\u00e1n a cabo los conciertos que enmarcan el evento\u00a0y los cuales ser\u00e1n el Teatro Ocampo, la UNAM-ENES Morelia, el Centro Cultural Universitario y la Avenida Madero, respectivamente.<\/p>\n<p>Agradeci\u00f3 a los organizadores y promotores de este festival por llevar a los morelianos eventos de gran trascendencia internacional que proyectan a la ciudad como un destino tur\u00edstico cultural y a lo cual, invit\u00f3 a que visiten la p\u00e1gina <a href=\"http:\/\/gob.us11.list-manage.com\/track\/click?u=4006ac058ed166735585eb757&amp;id=ef7149fc3d&amp;e=fbc79edfe0\" target=\"_blank\" rel=\"noopener noreferrer\">www.experienciamorelia.mx<\/a> donde encontrar\u00e1n todo el programa del Festival Internacional de Guitarra de Morelia.<\/p>\n","protected":false},"excerpt":{"rendered":"<p>&nbsp; Morelia se encuentra listo para recibir la edici\u00f3n n\u00famero 27 del Festival Internacional de Guitarra, que se llevar\u00e1 a cabo del 12 al 16 de junio, y que tendr\u00e1 la participaci\u00f3n de artistas internacionales de pa\u00edses como Espa\u00f1a, Italia, Cuba, Alemania y Polonia. La Secretaria de Turismo de Morelia, Thelma Aquique Arrieta acudi\u00f3 a [&hellip;]<\/p>\n","protected":false},"author":2,"featured_media":37291,"comment_status":"closed","ping_status":"closed","sticky":false,"template":"","format":"standard","meta":{"footnotes":""},"categories":[14,9],"tags":[],"class_list":["post-37290","post","type-post","status-publish","format-standard","has-post-thumbnail","hentry","category-destacadas","category-morelia"],"_links":{"self":[{"href":"https:\/\/radiowebmx.com\/nota\/wp-json\/wp\/v2\/posts\/37290","targetHints":{"allow":["GET"]}}],"collection":[{"href":"https:\/\/radiowebmx.com\/nota\/wp-json\/wp\/v2\/posts"}],"about":[{"href":"https:\/\/radiowebmx.com\/nota\/wp-json\/wp\/v2\/types\/post"}],"author":[{"embeddable":true,"href":"https:\/\/radiowebmx.com\/nota\/wp-json\/wp\/v2\/users\/2"}],"replies":[{"embeddable":true,"href":"https:\/\/radiowebmx.com\/nota\/wp-json\/wp\/v2\/comments?post=37290"}],"version-history":[{"count":1,"href":"https:\/\/radiowebmx.com\/nota\/wp-json\/wp\/v2\/posts\/37290\/revisions"}],"predecessor-version":[{"id":37292,"href":"https:\/\/radiowebmx.com\/nota\/wp-json\/wp\/v2\/posts\/37290\/revisions\/37292"}],"wp:featuredmedia":[{"embeddable":true,"href":"https:\/\/radiowebmx.com\/nota\/wp-json\/wp\/v2\/media\/37291"}],"wp:attachment":[{"href":"https:\/\/radiowebmx.com\/nota\/wp-json\/wp\/v2\/media?parent=37290"}],"wp:term":[{"taxonomy":"category","embeddable":true,"href":"https:\/\/radiowebmx.com\/nota\/wp-json\/wp\/v2\/categories?post=37290"},{"taxonomy":"post_tag","embeddable":true,"href":"https:\/\/radiowebmx.com\/nota\/wp-json\/wp\/v2\/tags?post=37290"}],"curies":[{"name":"wp","href":"https:\/\/api.w.org\/{rel}","templated":true}]}}