{"id":37286,"date":"2017-06-06T20:26:19","date_gmt":"2017-06-07T01:26:19","guid":{"rendered":"https:\/\/radiowebmx.com\/nota\/?p=37286"},"modified":"2017-06-07T10:36:00","modified_gmt":"2017-06-07T15:36:00","slug":"alfonso-martinez-promueve-la-cultura-vial-en-morelia","status":"publish","type":"post","link":"https:\/\/radiowebmx.com\/nota\/alfonso-martinez-promueve-la-cultura-vial-en-morelia\/","title":{"rendered":"Alfonso Mart\u00ednez promueve la cultura vial en Morelia"},"content":{"rendered":"<p><a href=\"https:\/\/radiowebmx.com\/nota\/wp-content\/uploads\/2017\/06\/12fe85d7-7b93-420f-a69a-a093deeb9e7e.jpeg\"><img loading=\"lazy\" decoding=\"async\" class=\"alignnone size-medium wp-image-37287\" src=\"https:\/\/radiowebmx.com\/nota\/wp-content\/uploads\/2017\/06\/12fe85d7-7b93-420f-a69a-a093deeb9e7e-595x396.jpeg\" alt=\"\" width=\"595\" height=\"396\" srcset=\"https:\/\/radiowebmx.com\/nota\/wp-content\/uploads\/2017\/06\/12fe85d7-7b93-420f-a69a-a093deeb9e7e-595x396.jpeg 595w, https:\/\/radiowebmx.com\/nota\/wp-content\/uploads\/2017\/06\/12fe85d7-7b93-420f-a69a-a093deeb9e7e.jpeg 709w\" sizes=\"auto, (max-width: 595px) 100vw, 595px\" \/><\/a><\/p>\n<p>&nbsp;<\/p>\n<p>El Presidente Municipal de Morelia, Alfonso Mart\u00ednez Alc\u00e1zar abander\u00f3 este martes el arranque del programa \u201cCruce Seguro\u201d, efectuado en la Calzada Fray Antonio de San Miguel, el cual se llevar\u00e1 a cabo de lunes a viernes durante los meses de junio y julio de 15:00 a 19:00 horas, en los que mimos, arlequines y personas en zancos, promover\u00e1n la cultura vial entre las personas que circulen por el lugar.<\/p>\n<p>\u201cMientras los ciudadanos hagamos muy bien la divisi\u00f3n entre lo que son nuestros derechos y obligaciones, podremos vivir con m\u00e1s armon\u00eda y tranquilidad en nuestra ciudad\u201d, asimismo agreg\u00f3 que los reglamentos y las leyes son el marco jur\u00eddico para vivir en armon\u00eda y saber, con mucha precisi\u00f3n, cu\u00e1les son nuestros derechos y cu\u00e1les son nuestras obligaciones como peatones y como automovilistas.<\/p>\n<p>Alfonso Mart\u00ednez record\u00f3 que durante muchos a\u00f1os en la ciudad se pens\u00f3 y se llev\u00f3 a cabo el desarrollo de la ciudad a la par de los espacios para los conductores de automotores, en ese sentido refiri\u00f3 que el eslogan \u201cMorelia de Todos\u201d hace referencia a ser incluyentes, hacer obras como banquetas y calles preponderantemente para el usuario de medios alternativos de transporte y personas con discapacidad.<\/p>\n<p>\u201cMorelia de Todos es precisamente qu\u00e9 hacemos cada una de las actividades de manera transversal en nuestra Administraci\u00f3n para que efectivamente Morelia sea de todos y no de unos cuantos\u201d, resalt\u00f3.<\/p>\n<p>Acompa\u00f1ado por el Gerente del Patrimonio Cultural, Gaspar Hern\u00e1ndez Razo; el Secretario de Servicios P\u00fablicos, Jos\u00e9 Luis Gil V\u00e1zquez; el Director del Colegio de Morelia, Alejandro Amante Urbina; el Jefe de Prevenci\u00f3n de la Coordinaci\u00f3n de Protecci\u00f3n Civil y Bomberos de la ciudad, Hilton P\u00e9rez Garc\u00eda; el Jefe de Sector Zona Centro de la Polic\u00eda de Morelia, Carlos Nicol\u00e1s Silva, Mart\u00ednez Alc\u00e1zar adelant\u00f3 que se prepara una campa\u00f1a complementaria al programa \u201cCruce Seguro 2017\u201d, la cual pondr\u00e1 orden en la ciudad y ayudar\u00e1 a cumplir reglamentos y leyes.<\/p>\n<p>Detall\u00f3 que en las siguientes semanas se iniciar\u00e1 con estas actividades para invitar a la ciudadan\u00eda a que ascienda y descienda \u00fanicamente en las paradas preestablecidas cuando se use el transporte p\u00fablico.<\/p>\n<p>El Alcalde, Alfonso Mart\u00ednez dej\u00f3 en claro que esta actividad se trabaja en conjunto con los encargados del transporte p\u00fablico para ajustar y dejar en claro d\u00f3nde hacen falta paradas o si hay necesidad de reubicarlas.<\/p>\n<p>Finalmente, invit\u00f3 a la ciudadan\u00eda, peatones y automovilistas a poner m\u00e1s orden a Morelia en beneficio de todos.<\/p>\n<p>Por su parte, el Gerente del Patrimonio Cultural, Gaspar Hern\u00e1ndez, afirm\u00f3 que el proyecto \u201cCruce Seguro\u201d tiene tres principales l\u00edneas de acci\u00f3n: Educaci\u00f3n peatonal, Cultura vial y Dar a conocer los derechos y obligaciones del peat\u00f3n y del conductor de un automotor.<\/p>\n<p>Adem\u00e1s de estar enfocado a dos valores, el respeto y seguridad, que se traducen en el Respeto al Reglamento de Orden y Justicia C\u00edvica y el respeto al Reglamento de Tr\u00e1nsito y Vialidad.<\/p>\n<p>El Gerente del Patrimonio Cultural manifest\u00f3 que es una cuesti\u00f3n de responsabilidad mutua, peat\u00f3n-automovilistas, para fortalecer una cultura vial, una educaci\u00f3n peatonal para seguridad y respeto de todos.<\/p>\n<p>Posteriormente, el Alcalde, Alfonso Mart\u00ednez, autoridades municipales presentes y personal de la Gerencia invitaron en los cruceros viales a automovilistas y peatones a hacer uso de sus derechos y obligaciones, as\u00ed como a respetarse mutuamente.<\/p>\n","protected":false},"excerpt":{"rendered":"<p>&nbsp; El Presidente Municipal de Morelia, Alfonso Mart\u00ednez Alc\u00e1zar abander\u00f3 este martes el arranque del programa \u201cCruce Seguro\u201d, efectuado en la Calzada Fray Antonio de San Miguel, el cual se llevar\u00e1 a cabo de lunes a viernes durante los meses de junio y julio de 15:00 a 19:00 horas, en los que mimos, arlequines y [&hellip;]<\/p>\n","protected":false},"author":2,"featured_media":37287,"comment_status":"closed","ping_status":"closed","sticky":false,"template":"","format":"standard","meta":{"footnotes":""},"categories":[14,9],"tags":[],"class_list":["post-37286","post","type-post","status-publish","format-standard","has-post-thumbnail","hentry","category-destacadas","category-morelia"],"_links":{"self":[{"href":"https:\/\/radiowebmx.com\/nota\/wp-json\/wp\/v2\/posts\/37286","targetHints":{"allow":["GET"]}}],"collection":[{"href":"https:\/\/radiowebmx.com\/nota\/wp-json\/wp\/v2\/posts"}],"about":[{"href":"https:\/\/radiowebmx.com\/nota\/wp-json\/wp\/v2\/types\/post"}],"author":[{"embeddable":true,"href":"https:\/\/radiowebmx.com\/nota\/wp-json\/wp\/v2\/users\/2"}],"replies":[{"embeddable":true,"href":"https:\/\/radiowebmx.com\/nota\/wp-json\/wp\/v2\/comments?post=37286"}],"version-history":[{"count":1,"href":"https:\/\/radiowebmx.com\/nota\/wp-json\/wp\/v2\/posts\/37286\/revisions"}],"predecessor-version":[{"id":37288,"href":"https:\/\/radiowebmx.com\/nota\/wp-json\/wp\/v2\/posts\/37286\/revisions\/37288"}],"wp:featuredmedia":[{"embeddable":true,"href":"https:\/\/radiowebmx.com\/nota\/wp-json\/wp\/v2\/media\/37287"}],"wp:attachment":[{"href":"https:\/\/radiowebmx.com\/nota\/wp-json\/wp\/v2\/media?parent=37286"}],"wp:term":[{"taxonomy":"category","embeddable":true,"href":"https:\/\/radiowebmx.com\/nota\/wp-json\/wp\/v2\/categories?post=37286"},{"taxonomy":"post_tag","embeddable":true,"href":"https:\/\/radiowebmx.com\/nota\/wp-json\/wp\/v2\/tags?post=37286"}],"curies":[{"name":"wp","href":"https:\/\/api.w.org\/{rel}","templated":true}]}}