{"id":37248,"date":"2017-06-05T16:27:29","date_gmt":"2017-06-05T21:27:29","guid":{"rendered":"https:\/\/radiowebmx.com\/nota\/?p=37248"},"modified":"2017-06-06T13:32:21","modified_gmt":"2017-06-06T18:32:21","slug":"para-prevenir-ataques-contra-periodistas-indispensable-crear-delito-crear-delito-de-conminacion-lesiva-andrea-villanueva","status":"publish","type":"post","link":"https:\/\/radiowebmx.com\/nota\/para-prevenir-ataques-contra-periodistas-indispensable-crear-delito-crear-delito-de-conminacion-lesiva-andrea-villanueva\/","title":{"rendered":"Para prevenir ataques contra periodistas, indispensable crear delito crear delito de conminaci\u00f3n lesiva: Andrea Villanueva"},"content":{"rendered":"<p class=\"x_gmail-MsoListParagraph\" align=\"center\"><i>La tambi\u00e9n comunic\u00f3loga de profesi\u00f3n, reconoci\u00f3 que Michoac\u00e1n se posiciona como una de las zonas de alta peligrosidad para quienes ejercen el periodismo en el pa\u00eds.<\/i><i><\/i><\/p>\n<p class=\"x_MsoNormal\" align=\"center\"><a href=\"https:\/\/radiowebmx.com\/nota\/wp-content\/uploads\/2017\/06\/Comunicado-767.jpg\"><img loading=\"lazy\" decoding=\"async\" class=\"alignnone size-medium wp-image-37249\" src=\"https:\/\/radiowebmx.com\/nota\/wp-content\/uploads\/2017\/06\/Comunicado-767-595x540.jpg\" alt=\"\" width=\"595\" height=\"540\" srcset=\"https:\/\/radiowebmx.com\/nota\/wp-content\/uploads\/2017\/06\/Comunicado-767-595x540.jpg 595w, https:\/\/radiowebmx.com\/nota\/wp-content\/uploads\/2017\/06\/Comunicado-767.jpg 709w\" sizes=\"auto, (max-width: 595px) 100vw, 595px\" \/><\/a><\/p>\n<p class=\"x_MsoNormal\">\n<p class=\"x_MsoNormal\">\n<p class=\"x_MsoNormal\">Morelia; Michoac\u00e1n, 5 de junio de 2017.- Ante las condiciones de inseguridad por las que atraviesa Michoac\u00e1n y de manera especial, a las que se enfrentan los periodistas en su ejercicio profesional, la presidente del Comit\u00e9 de Comunicaci\u00f3n Social del Congreso del Estado, Andrea Villanueva Cano, pidi\u00f3 a este Poder Legislativo acelerar la discusi\u00f3n de la iniciativa que present\u00f3 hace m\u00e1s de 13 meses y que busca la creaci\u00f3n del delito conminaci\u00f3n lesiva.<\/p>\n<p class=\"x_MsoNormal\">\n<p class=\"x_MsoNormal\">Con esta reforma al art\u00edculo 188 del C\u00f3digo Penal del Estado de Michoac\u00e1n, el Congreso local \u201cestar\u00eda mandando un mensaje de respaldo a los michoacanos que en el ejercicio de una profesi\u00f3n con alto sentido social, han visto amenazada su integridad, su patrimonio y la seguridad de ellos y sus familias\u201d.<\/p>\n<p class=\"x_MsoNormal\">\n<p class=\"x_MsoNormal\">Y es que de acuerdo a la organizaci\u00f3n Art\u00edculo 19, M\u00e9xico ocupa el tercer lugar como uno de los pa\u00edses m\u00e1s peligrosos para ejercer el periodismo, mientras que Michoac\u00e1n, se encuentra como una de las entidades de alta peligrosidad para quienes trabajan en esta profesi\u00f3n.<\/p>\n<p class=\"x_MsoNormal\">\n<p class=\"x_MsoNormal\">Las razones, se\u00f1al\u00f3 la representante panista, son la omisi\u00f3n de las autoridades judiciales y la impunidad con la que siguen actuando los delincuentes en nuestro estado, escenario ante el cual reiter\u00f3 el llamado a las Comisiones que analizan su propuesta para reformar el C\u00f3digo Penal y crear el delito de conminaci\u00f3n lesiva para todo aquel que amedrente, amenace o intimide a cualquier persona por realizar actividades period\u00edsticas.<\/p>\n<p class=\"x_MsoNormal\">\n<p class=\"x_MsoNormal\">Villanueva Cano consider\u00f3 que m\u00e1s all\u00e1 de discursos, los Poderes del Estado tienen el deber de trabajar para prevenir asesinatos como del que ya han sido v\u00edctimas por lo menos 7 periodistas en nuestro pa\u00eds en lo que va del 2017, sumado a estos ataques el secuestro del comunicador michoacano Salvador Adame y del que a 17 d\u00edas de este atentado sigue sin conocerse su paradero.<\/p>\n<p class=\"x_MsoNormal\">\n<p class=\"x_MsoNormal\">Finalmente la tambi\u00e9n comunic\u00f3loga de profesi\u00f3n, refrend\u00f3 su inter\u00e9s de impulsar desde el Congreso local, las leyes y reformas que sean necesarias para garantizar la libertad de expresi\u00f3n no s\u00f3lo como un derecho humano universal, sino como una manera de seguir construyendo una sociedad m\u00e1s libre, m\u00e1s justa y capaz de tomar las mejores decisiones para el bienestar de todos.<\/p>\n","protected":false},"excerpt":{"rendered":"<p>La tambi\u00e9n comunic\u00f3loga de profesi\u00f3n, reconoci\u00f3 que Michoac\u00e1n se posiciona como una de las zonas de alta peligrosidad para quienes ejercen el periodismo en el pa\u00eds. Morelia; Michoac\u00e1n, 5 de junio de 2017.- Ante las condiciones de inseguridad por las que atraviesa Michoac\u00e1n y de manera especial, a las que se enfrentan los periodistas en [&hellip;]<\/p>\n","protected":false},"author":2,"featured_media":37249,"comment_status":"closed","ping_status":"closed","sticky":false,"template":"","format":"standard","meta":{"footnotes":""},"categories":[6,14,8],"tags":[],"class_list":["post-37248","post","type-post","status-publish","format-standard","has-post-thumbnail","hentry","category-congreso-del-estado","category-destacadas","category-grupo-parlamentario-del-pan"],"_links":{"self":[{"href":"https:\/\/radiowebmx.com\/nota\/wp-json\/wp\/v2\/posts\/37248","targetHints":{"allow":["GET"]}}],"collection":[{"href":"https:\/\/radiowebmx.com\/nota\/wp-json\/wp\/v2\/posts"}],"about":[{"href":"https:\/\/radiowebmx.com\/nota\/wp-json\/wp\/v2\/types\/post"}],"author":[{"embeddable":true,"href":"https:\/\/radiowebmx.com\/nota\/wp-json\/wp\/v2\/users\/2"}],"replies":[{"embeddable":true,"href":"https:\/\/radiowebmx.com\/nota\/wp-json\/wp\/v2\/comments?post=37248"}],"version-history":[{"count":1,"href":"https:\/\/radiowebmx.com\/nota\/wp-json\/wp\/v2\/posts\/37248\/revisions"}],"predecessor-version":[{"id":37250,"href":"https:\/\/radiowebmx.com\/nota\/wp-json\/wp\/v2\/posts\/37248\/revisions\/37250"}],"wp:featuredmedia":[{"embeddable":true,"href":"https:\/\/radiowebmx.com\/nota\/wp-json\/wp\/v2\/media\/37249"}],"wp:attachment":[{"href":"https:\/\/radiowebmx.com\/nota\/wp-json\/wp\/v2\/media?parent=37248"}],"wp:term":[{"taxonomy":"category","embeddable":true,"href":"https:\/\/radiowebmx.com\/nota\/wp-json\/wp\/v2\/categories?post=37248"},{"taxonomy":"post_tag","embeddable":true,"href":"https:\/\/radiowebmx.com\/nota\/wp-json\/wp\/v2\/tags?post=37248"}],"curies":[{"name":"wp","href":"https:\/\/api.w.org\/{rel}","templated":true}]}}