{"id":37234,"date":"2017-06-06T12:32:20","date_gmt":"2017-06-06T17:32:20","guid":{"rendered":"https:\/\/radiowebmx.com\/nota\/?p=37234"},"modified":"2017-06-06T12:58:59","modified_gmt":"2017-06-06T17:58:59","slug":"en-michoacan-se-hace-valer-la-ley-gcm","status":"publish","type":"post","link":"https:\/\/radiowebmx.com\/nota\/en-michoacan-se-hace-valer-la-ley-gcm\/","title":{"rendered":"En Michoac\u00e1n se hace valer la ley: GCM"},"content":{"rendered":"<p><a href=\"https:\/\/radiowebmx.com\/nota\/wp-content\/uploads\/2017\/06\/48d36449-8f66-4813-870f-86180fb91b3f.jpeg\"><img loading=\"lazy\" decoding=\"async\" class=\"alignnone size-medium wp-image-37235\" src=\"https:\/\/radiowebmx.com\/nota\/wp-content\/uploads\/2017\/06\/48d36449-8f66-4813-870f-86180fb91b3f-595x396.jpeg\" alt=\"\" width=\"595\" height=\"396\" srcset=\"https:\/\/radiowebmx.com\/nota\/wp-content\/uploads\/2017\/06\/48d36449-8f66-4813-870f-86180fb91b3f-595x396.jpeg 595w, https:\/\/radiowebmx.com\/nota\/wp-content\/uploads\/2017\/06\/48d36449-8f66-4813-870f-86180fb91b3f.jpeg 709w\" sizes=\"auto, (max-width: 595px) 100vw, 595px\" \/><\/a><\/p>\n<p>&nbsp;<\/p>\n<p><strong>Morelia, Michoac\u00e1n, a 6 de junio de 2017.-<\/strong> En Michoac\u00e1n se hace valer la ley, y as\u00ed lo reflejan diferentes indicadores del Sistema Nacional de Seguridad P\u00fablica que muestran los avances en el combate a los delitos, se inform\u00f3 en la sesi\u00f3n que este martes sostuvo el Grupo de Coordinaci\u00f3n Michoac\u00e1n.<\/p>\n<p>&nbsp;<\/p>\n<p>En el encuentro, que fue encabezado por el Gobernador Silvano Aureoles Conejo, el GCM refrend\u00f3 el compromiso de continuar en la ruta de trabajo coordinado para dar mejores resultados a la ciudadan\u00eda en esta materia.<\/p>\n<p>&nbsp;<\/p>\n<p>En ese sentido, destacaron que de acuerdo a la \u00faltima medici\u00f3n del Sistema Nacional de Seguridad P\u00fablica, en el \u00edndice de delitos en general Michoac\u00e1n ocupa el lugar n\u00famero 25. Es decir, se ubica como el octavo estado con menos incidencia delictiva.<\/p>\n<p>&nbsp;<\/p>\n<p>En cuanto a delitos de alto impacto la entidad se encuentra en la posici\u00f3n n\u00famero 21 con una tasa de 24 il\u00edcitos por cada 100 mil habitantes, muy por debajo de lugares como Baja California (116), Quer\u00e9taro (64), Colima (62), Ciudad de M\u00e9xico (55) y Estado de M\u00e9xico (35), por citar algunos.<\/p>\n<p>&nbsp;<\/p>\n<p>La incidencia federal midi\u00f3 los delitos cometidos entre enero y marzo de 2017, comparado con el mismo periodo del 2016.<\/p>\n<p>&nbsp;<\/p>\n<p>En el tema de extorsi\u00f3n, Michoac\u00e1n ocupa el segundo lugar con menos casos registrados en el pa\u00eds, mientras que en materia de secuestro se ubica en la posici\u00f3n n\u00famero 12, y con un descenso en la cantidad de casos de hasta el 70 por ciento comparado con los registros de 2014.<\/p>\n<p>&nbsp;<\/p>\n<p>Durante la sesi\u00f3n de este martes, el jefe del Ejecutivo estatal afirm\u00f3 que esta labor conjunta ha permitido que Michoac\u00e1n cuente hoy con instituciones m\u00e1s s\u00f3lidas, por lo que asever\u00f3 que garantizar la seguridad p\u00fablica es facultad exclusiva del Gobierno del Estado y de la Rep\u00fablica.<\/p>\n<p>&nbsp;<\/p>\n<p>\u201cNo debe repetirse nunca m\u00e1s esa historia en la que civiles tomaron las armas; se har\u00e1 valer la ley contra quienes act\u00faen al margen de ella\u201d, se\u00f1al\u00f3.<\/p>\n<p>&nbsp;<\/p>\n<p>Al retomar el caso de la comunidad ind\u00edgena de Arantepacua, en el municipio de Nahuatzen, las y los funcionarios manifestaron su respaldo a la autoridad municipal para fortalecer las labores que permitan preservar la tranquilidad en dicha localidad, siempre dentro de los cauces institucionales.<\/p>\n<p>&nbsp;<\/p>\n<p>Tambi\u00e9n analizaron la estrategia que se emprende para blindar las fronteras estatales en estrecha comunicaci\u00f3n con las entidades vecinas, y acordaron fortalecer las medidas preventivas en la franja colindante con Guerrero.<\/p>\n<p>&nbsp;<\/p>\n<p>Estuvieron presentes en este encuentro el secretario de Gobierno, Adri\u00e1n L\u00f3pez Sol\u00eds; el titular de la Secretar\u00eda de Seguridad P\u00fablica, Juan Bernardo Corona Mart\u00ednez; los comandantes de la 21 y 43 Zonas Militares, general Jos\u00e9 Francisco Morales C\u00e1zares y general Cruz Isaac Mu\u00f1oz Navarro; el jefe de Estado Mayor de la 10 Zona Naval, contralmirante Luis Jos\u00e9 Jes\u00fas Cuevas; el procurador general de Justicia del estado, Jos\u00e9 Mart\u00edn Godoy Castro.<\/p>\n<p>&nbsp;<\/p>\n<p>Adem\u00e1s de la delegada de la Procuradur\u00eda General de la Rep\u00fablica en la entidad, Bertha Paredes Gardu\u00f1o; el delegado del CISEN, Fernando Castro Miranda; el coordinar estatal de la Polic\u00eda Federal, Israel Galv\u00e1n Jaime, por mencionar algunos.<\/p>\n","protected":false},"excerpt":{"rendered":"<p>&nbsp; Morelia, Michoac\u00e1n, a 6 de junio de 2017.- En Michoac\u00e1n se hace valer la ley, y as\u00ed lo reflejan diferentes indicadores del Sistema Nacional de Seguridad P\u00fablica que muestran los avances en el combate a los delitos, se inform\u00f3 en la sesi\u00f3n que este martes sostuvo el Grupo de Coordinaci\u00f3n Michoac\u00e1n. &nbsp; En el [&hellip;]<\/p>\n","protected":false},"author":2,"featured_media":37235,"comment_status":"closed","ping_status":"closed","sticky":false,"template":"","format":"standard","meta":{"footnotes":""},"categories":[14,3],"tags":[],"class_list":["post-37234","post","type-post","status-publish","format-standard","has-post-thumbnail","hentry","category-destacadas","category-gobierno-del-estado-de-michoacan"],"_links":{"self":[{"href":"https:\/\/radiowebmx.com\/nota\/wp-json\/wp\/v2\/posts\/37234","targetHints":{"allow":["GET"]}}],"collection":[{"href":"https:\/\/radiowebmx.com\/nota\/wp-json\/wp\/v2\/posts"}],"about":[{"href":"https:\/\/radiowebmx.com\/nota\/wp-json\/wp\/v2\/types\/post"}],"author":[{"embeddable":true,"href":"https:\/\/radiowebmx.com\/nota\/wp-json\/wp\/v2\/users\/2"}],"replies":[{"embeddable":true,"href":"https:\/\/radiowebmx.com\/nota\/wp-json\/wp\/v2\/comments?post=37234"}],"version-history":[{"count":1,"href":"https:\/\/radiowebmx.com\/nota\/wp-json\/wp\/v2\/posts\/37234\/revisions"}],"predecessor-version":[{"id":37236,"href":"https:\/\/radiowebmx.com\/nota\/wp-json\/wp\/v2\/posts\/37234\/revisions\/37236"}],"wp:featuredmedia":[{"embeddable":true,"href":"https:\/\/radiowebmx.com\/nota\/wp-json\/wp\/v2\/media\/37235"}],"wp:attachment":[{"href":"https:\/\/radiowebmx.com\/nota\/wp-json\/wp\/v2\/media?parent=37234"}],"wp:term":[{"taxonomy":"category","embeddable":true,"href":"https:\/\/radiowebmx.com\/nota\/wp-json\/wp\/v2\/categories?post=37234"},{"taxonomy":"post_tag","embeddable":true,"href":"https:\/\/radiowebmx.com\/nota\/wp-json\/wp\/v2\/tags?post=37234"}],"curies":[{"name":"wp","href":"https:\/\/api.w.org\/{rel}","templated":true}]}}