{"id":37215,"date":"2017-06-05T16:01:01","date_gmt":"2017-06-05T21:01:01","guid":{"rendered":"https:\/\/radiowebmx.com\/nota\/?p=37215"},"modified":"2017-06-06T11:33:45","modified_gmt":"2017-06-06T16:33:45","slug":"univim-por-certificar-su-maestria-en-administracion-publica-y-gobierno-digital","status":"publish","type":"post","link":"https:\/\/radiowebmx.com\/nota\/univim-por-certificar-su-maestria-en-administracion-publica-y-gobierno-digital\/","title":{"rendered":"Univim, por certificar su maestr\u00eda en Administraci\u00f3n P\u00fablica y Gobierno Digital"},"content":{"rendered":"<p><a href=\"https:\/\/radiowebmx.com\/nota\/wp-content\/uploads\/2017\/06\/71db4ca1-078f-4fde-aa30-273ca6a1aad6.jpg\"><img loading=\"lazy\" decoding=\"async\" class=\"alignnone size-medium wp-image-37216\" src=\"https:\/\/radiowebmx.com\/nota\/wp-content\/uploads\/2017\/06\/71db4ca1-078f-4fde-aa30-273ca6a1aad6-595x446.jpg\" alt=\"\" width=\"595\" height=\"446\" srcset=\"https:\/\/radiowebmx.com\/nota\/wp-content\/uploads\/2017\/06\/71db4ca1-078f-4fde-aa30-273ca6a1aad6-595x446.jpg 595w, https:\/\/radiowebmx.com\/nota\/wp-content\/uploads\/2017\/06\/71db4ca1-078f-4fde-aa30-273ca6a1aad6.jpg 709w\" sizes=\"auto, (max-width: 595px) 100vw, 595px\" \/><\/a><\/p>\n<p>&nbsp;<\/p>\n<p><strong>Morelia, Michoac\u00e1n, a 5 de junio de 2017.-\u00a0<\/strong>Con el objetivo de profesionalizar a los estudiantes de la maestr\u00eda en Administraci\u00f3n P\u00fablica y Gobierno Digital, la Universidad Virtual del Estado de Michoac\u00e1n (Univim) solicit\u00f3 a la Secretar\u00eda de la Funci\u00f3n P\u00fablica (SFP) la certificaci\u00f3n de los contenidos de dicho posgrado.<\/p>\n<p>En reuni\u00f3n de trabajo realizada en la Ciudad de M\u00e9xico, la rectora de la Univim, Silvia Mendoza Valenzuela, destac\u00f3 la importancia de contar con el aval de la SFP, en espec\u00edfico de la especialidad en Administraci\u00f3n P\u00fablica y Gobierno Digital, derivado de la experiencia con que cuenta la secretar\u00eda.<\/p>\n<p>Por su parte, la directora general de la Unidad de Gobierno Digital de la SFP, Yolanda Mart\u00ednez Mancilla, comprometi\u00f3 la revisi\u00f3n de la malla curricular por parte de los especialistas de la dependencia para que se incluyan las principales tendencias digitales de la funci\u00f3n p\u00fablica que se trabajan a nivel nacional.<\/p>\n<p>Con lo anterior, los alumnos de la Univim tendr\u00e1n la certeza de que sus estudios son de la mejor calidad y se encuentran a la vanguardia tecnol\u00f3gica y de gobierno, garantizando as\u00ed la mejor preparaci\u00f3n en su maestr\u00eda.<\/p>\n<p>Adem\u00e1s, se acord\u00f3 la difusi\u00f3n de la pr\u00f3xima convocatoria de la maestr\u00eda en Administraci\u00f3n P\u00fablica y Gobierno Digital entre los trabajadores de la SFP, as\u00ed como la publicaci\u00f3n de la misma en su portal web.<\/p>\n<p>Otro de los compromisos fue que la Univim ofertar\u00e1 y certificar\u00e1 m\u00e1s de 400 cursos, diplomados y talleres que ofrece la SFP, los cuales ser\u00e1n adecuados al sistema virtual, facilitando as\u00ed la preparaci\u00f3n de la sociedad en general.<\/p>\n<p>En la reuni\u00f3n tambi\u00e9n estuvieron presentes los directores de \u00e1rea de la Univim Ana Mart\u00ednez Cabello, Sergio Sidney Moreno Vargas y Apolinar Serv\u00edn Arregu\u00edn, as\u00ed como Abdiel Osorio Tenorio y Gabriel Ochoa Hern\u00e1ndez, secretario t\u00e9cnico y titular del Centro Estatal de Tecnolog\u00edas de la Informaci\u00f3n y la Comunicaci\u00f3n, respectivamente, quienes abordaron importantes temas en materia de Tecnolog\u00edas de la Informaci\u00f3n y Comunicaci\u00f3n para su incorporaci\u00f3n a los proyectos en materia de digitalizaci\u00f3n en la entidad.<\/p>\n","protected":false},"excerpt":{"rendered":"<p>&nbsp; Morelia, Michoac\u00e1n, a 5 de junio de 2017.-\u00a0Con el objetivo de profesionalizar a los estudiantes de la maestr\u00eda en Administraci\u00f3n P\u00fablica y Gobierno Digital, la Universidad Virtual del Estado de Michoac\u00e1n (Univim) solicit\u00f3 a la Secretar\u00eda de la Funci\u00f3n P\u00fablica (SFP) la certificaci\u00f3n de los contenidos de dicho posgrado. En reuni\u00f3n de trabajo realizada [&hellip;]<\/p>\n","protected":false},"author":2,"featured_media":37216,"comment_status":"closed","ping_status":"closed","sticky":false,"template":"","format":"standard","meta":{"footnotes":""},"categories":[14,3],"tags":[],"class_list":["post-37215","post","type-post","status-publish","format-standard","has-post-thumbnail","hentry","category-destacadas","category-gobierno-del-estado-de-michoacan"],"_links":{"self":[{"href":"https:\/\/radiowebmx.com\/nota\/wp-json\/wp\/v2\/posts\/37215","targetHints":{"allow":["GET"]}}],"collection":[{"href":"https:\/\/radiowebmx.com\/nota\/wp-json\/wp\/v2\/posts"}],"about":[{"href":"https:\/\/radiowebmx.com\/nota\/wp-json\/wp\/v2\/types\/post"}],"author":[{"embeddable":true,"href":"https:\/\/radiowebmx.com\/nota\/wp-json\/wp\/v2\/users\/2"}],"replies":[{"embeddable":true,"href":"https:\/\/radiowebmx.com\/nota\/wp-json\/wp\/v2\/comments?post=37215"}],"version-history":[{"count":1,"href":"https:\/\/radiowebmx.com\/nota\/wp-json\/wp\/v2\/posts\/37215\/revisions"}],"predecessor-version":[{"id":37217,"href":"https:\/\/radiowebmx.com\/nota\/wp-json\/wp\/v2\/posts\/37215\/revisions\/37217"}],"wp:featuredmedia":[{"embeddable":true,"href":"https:\/\/radiowebmx.com\/nota\/wp-json\/wp\/v2\/media\/37216"}],"wp:attachment":[{"href":"https:\/\/radiowebmx.com\/nota\/wp-json\/wp\/v2\/media?parent=37215"}],"wp:term":[{"taxonomy":"category","embeddable":true,"href":"https:\/\/radiowebmx.com\/nota\/wp-json\/wp\/v2\/categories?post=37215"},{"taxonomy":"post_tag","embeddable":true,"href":"https:\/\/radiowebmx.com\/nota\/wp-json\/wp\/v2\/tags?post=37215"}],"curies":[{"name":"wp","href":"https:\/\/api.w.org\/{rel}","templated":true}]}}