{"id":37209,"date":"2017-06-05T16:13:02","date_gmt":"2017-06-05T21:13:02","guid":{"rendered":"https:\/\/radiowebmx.com\/nota\/?p=37209"},"modified":"2017-06-06T11:09:13","modified_gmt":"2017-06-06T16:09:13","slug":"aspirantes-al-conalep-michoacan-presentan-examen-de-admision-2","status":"publish","type":"post","link":"https:\/\/radiowebmx.com\/nota\/aspirantes-al-conalep-michoacan-presentan-examen-de-admision-2\/","title":{"rendered":"Aspirantes al Conalep Michoac\u00e1n presentan examen de admisi\u00f3n"},"content":{"rendered":"<p><a href=\"https:\/\/radiowebmx.com\/nota\/wp-content\/uploads\/2017\/06\/88650783-7cd6-4209-b3e6-4fd0e6796e36.jpg\"><img loading=\"lazy\" decoding=\"async\" class=\"alignnone size-medium wp-image-37210\" src=\"https:\/\/radiowebmx.com\/nota\/wp-content\/uploads\/2017\/06\/88650783-7cd6-4209-b3e6-4fd0e6796e36-595x396.jpg\" alt=\"\" width=\"595\" height=\"396\" srcset=\"https:\/\/radiowebmx.com\/nota\/wp-content\/uploads\/2017\/06\/88650783-7cd6-4209-b3e6-4fd0e6796e36-595x396.jpg 595w, https:\/\/radiowebmx.com\/nota\/wp-content\/uploads\/2017\/06\/88650783-7cd6-4209-b3e6-4fd0e6796e36.jpg 709w\" sizes=\"auto, (max-width: 595px) 100vw, 595px\" \/><\/a><\/p>\n<p>&nbsp;<\/p>\n<p><strong>Morelia, Michoac\u00e1n, a 5 de\u00a0\u00a0junio\u00a0\u00a0de 2017.<\/strong>&#8211; Aspirantes a cursar una de las 13 carreras\u00a0\u00a0del Colegio de Educaci\u00f3n Profesional T\u00e9cnica del Estado de Michoac\u00e1n, presentaron este fin de semana el examen de admisi\u00f3n correspondiente al ciclo escolar 2017-2018.<\/p>\n<p>Como parte del proceso de ingreso, los aspirantes acudieron tres fines de semana a cursos de inducci\u00f3n con la finalidad de reforzar temas b\u00e1sicos en materias como matem\u00e1ticas.<\/p>\n<p>Para participar en la segunda etapa de admisi\u00f3n, los aspirantes podr\u00e1n acudir a partir de este lunes 5 de junio a los planteles para solicitar su ficha y aplicar el examen el pr\u00f3ximo 8 de junio.<\/p>\n<p>En unidades como Morelia I, ubicada en la Avenida Industrial, de manera simult\u00e1nea al examen padres de familia realizaron un recorrido por los talleres de la instituci\u00f3n con la finalidad de conocer\u00a0\u00a0las actividades que tendr\u00e1n sus hijos como parte de la carrera t\u00e9cnica elegida.<\/p>\n<p>Entre las exhibiciones, alumnos de segundo semestre de Alimentos y Bebidas realizaron\u00a0\u00a0el proceso de preparaci\u00f3n del tradicional caf\u00e9 turco.<\/p>\n","protected":false},"excerpt":{"rendered":"<p>&nbsp; Morelia, Michoac\u00e1n, a 5 de\u00a0\u00a0junio\u00a0\u00a0de 2017.&#8211; Aspirantes a cursar una de las 13 carreras\u00a0\u00a0del Colegio de Educaci\u00f3n Profesional T\u00e9cnica del Estado de Michoac\u00e1n, presentaron este fin de semana el examen de admisi\u00f3n correspondiente al ciclo escolar 2017-2018. Como parte del proceso de ingreso, los aspirantes acudieron tres fines de semana a cursos de inducci\u00f3n [&hellip;]<\/p>\n","protected":false},"author":2,"featured_media":37210,"comment_status":"closed","ping_status":"closed","sticky":false,"template":"","format":"standard","meta":{"footnotes":""},"categories":[14,3],"tags":[],"class_list":["post-37209","post","type-post","status-publish","format-standard","has-post-thumbnail","hentry","category-destacadas","category-gobierno-del-estado-de-michoacan"],"_links":{"self":[{"href":"https:\/\/radiowebmx.com\/nota\/wp-json\/wp\/v2\/posts\/37209","targetHints":{"allow":["GET"]}}],"collection":[{"href":"https:\/\/radiowebmx.com\/nota\/wp-json\/wp\/v2\/posts"}],"about":[{"href":"https:\/\/radiowebmx.com\/nota\/wp-json\/wp\/v2\/types\/post"}],"author":[{"embeddable":true,"href":"https:\/\/radiowebmx.com\/nota\/wp-json\/wp\/v2\/users\/2"}],"replies":[{"embeddable":true,"href":"https:\/\/radiowebmx.com\/nota\/wp-json\/wp\/v2\/comments?post=37209"}],"version-history":[{"count":1,"href":"https:\/\/radiowebmx.com\/nota\/wp-json\/wp\/v2\/posts\/37209\/revisions"}],"predecessor-version":[{"id":37211,"href":"https:\/\/radiowebmx.com\/nota\/wp-json\/wp\/v2\/posts\/37209\/revisions\/37211"}],"wp:featuredmedia":[{"embeddable":true,"href":"https:\/\/radiowebmx.com\/nota\/wp-json\/wp\/v2\/media\/37210"}],"wp:attachment":[{"href":"https:\/\/radiowebmx.com\/nota\/wp-json\/wp\/v2\/media?parent=37209"}],"wp:term":[{"taxonomy":"category","embeddable":true,"href":"https:\/\/radiowebmx.com\/nota\/wp-json\/wp\/v2\/categories?post=37209"},{"taxonomy":"post_tag","embeddable":true,"href":"https:\/\/radiowebmx.com\/nota\/wp-json\/wp\/v2\/tags?post=37209"}],"curies":[{"name":"wp","href":"https:\/\/api.w.org\/{rel}","templated":true}]}}