{"id":37206,"date":"2017-06-05T16:14:00","date_gmt":"2017-06-05T21:14:00","guid":{"rendered":"https:\/\/radiowebmx.com\/nota\/?p=37206"},"modified":"2017-06-06T10:59:06","modified_gmt":"2017-06-06T15:59:06","slug":"con-exposicion-fotografica-gobierno-del-estado-muestra-impacto-del-cambio-ilegal-de-uso-de-suelo","status":"publish","type":"post","link":"https:\/\/radiowebmx.com\/nota\/con-exposicion-fotografica-gobierno-del-estado-muestra-impacto-del-cambio-ilegal-de-uso-de-suelo\/","title":{"rendered":"Con exposici\u00f3n fotogr\u00e1fica, Gobierno del Estado muestra impacto del cambio ilegal de uso de suelo"},"content":{"rendered":"<ul>\n<li>El Gobernador Silvano Aureoles Conejo recorre la muestra instalada en Casa de Gobierno y que ser\u00e1 itinerante.<\/li>\n<\/ul>\n<p>&nbsp;<\/p>\n<ul>\n<li>Esta exposici\u00f3n, un llamado a la corresponsabilidad en la preservaci\u00f3n de los bosques y el desarrollo forestal sustentable.<\/li>\n<\/ul>\n<p>&nbsp;<\/p>\n<p><a href=\"https:\/\/radiowebmx.com\/nota\/wp-content\/uploads\/2017\/06\/62cc24a7-6d45-43f3-9d5f-19c81f9eafb5.jpeg\"><img loading=\"lazy\" decoding=\"async\" class=\"alignnone size-medium wp-image-37207\" src=\"https:\/\/radiowebmx.com\/nota\/wp-content\/uploads\/2017\/06\/62cc24a7-6d45-43f3-9d5f-19c81f9eafb5-595x396.jpeg\" alt=\"\" width=\"595\" height=\"396\" srcset=\"https:\/\/radiowebmx.com\/nota\/wp-content\/uploads\/2017\/06\/62cc24a7-6d45-43f3-9d5f-19c81f9eafb5-595x396.jpeg 595w, https:\/\/radiowebmx.com\/nota\/wp-content\/uploads\/2017\/06\/62cc24a7-6d45-43f3-9d5f-19c81f9eafb5.jpeg 709w\" sizes=\"auto, (max-width: 595px) 100vw, 595px\" \/><\/a><\/p>\n<p>&nbsp;<\/p>\n<p><strong>Morelia, Michoac\u00e1n, a 5 de junio de 2017.-<\/strong> En el marco del D\u00eda Mundial del Medio Ambiente, el Gobernador Constitucional Silvano Aureoles Conejo recorri\u00f3 la exposici\u00f3n fotogr\u00e1fica \u201cHab\u00eda una vez un bosque\u2026 Impacto del cambio ilegal de uso de suelo en Michoac\u00e1n\u201d, que muestra las afectaciones que han sufrido las zonas boscosas de la entidad.<\/p>\n<p>Esta exposici\u00f3n fotogr\u00e1fica, realizada por la Secretar\u00eda de Medio Ambiente Recursos Naturales y Cambio Clim\u00e1tico, la Coordinaci\u00f3n General de Comunicaci\u00f3n Social (CGCS) y la Comisi\u00f3n Forestal del Estado de Michoac\u00e1n se mont\u00f3 este lunes en las instalaciones de Casa de Gobierno y ser\u00e1 trasladada Palacio de Gobierno, en el Centro Hist\u00f3rico de la capital michoacana. Es tambi\u00e9n un llamado a la corresponsabilidad en la preservaci\u00f3n de los bosques y el desarrollo forestal sustentable, porque el derecho a un medio ambiente sano es de todos.<\/p>\n<p>A decir de la titular de la CGCS, Julieta L\u00f3pez Bautista, la idea es que esta expo sea itinerante, de tal manera que llegue a todas las regiones de la entidad con el prop\u00f3sito de crear conciencia social sobre la importancia de proteger nuestros recursos naturales, y en respuesta al llamado del Gobernador Silvano Aureoles, de formar un frente com\u00fan que cierre el paso a quienes pretenden acabar con las \u00e1reas forestales, que forman parte del patrimonio natural de todas y todos los michoacanos.<\/p>\n<p>\u201cHab\u00eda una vez un bosque\u2026\u201d muestra las consecuencias del cambio ilegal de uso de suelo mediante la tala clandestina o incendios forestales intencionales con el objetivo de cambiar de manera ilegal el uso de suelo de forestal a agr\u00edcola.<\/p>\n<p>En 14 fotograf\u00edas se exhibe el deterioro que han sufrido \u00e1reas boscosas de Michoac\u00e1n en municipios como Acuitzio, Morelia, P\u00e1tzcuaro, Zit\u00e1cuaro, Salvador Escalante, Tac\u00e1mbaro, Zacapu y Ziracuaretiro.<\/p>\n<p>Asimismo, en dos im\u00e1genes satelitales se muestra el deterioro sufrido durante los \u00faltimos siete a\u00f1os por el predio El Llano, ubicado en el municipio de Zit\u00e1cuaro, y La Pitaya, localizado en el municipio de Tac\u00e1mbaro.<\/p>\n<p>Al respecto, el titular de la Semarnacc, Ricardo Luna Garc\u00eda, se\u00f1al\u00f3 que Michoac\u00e1n ha perdido alrededor del 40 por ciento de su superficie forestal a un ritmo vertiginoso; durante las \u00faltimas dos d\u00e9cadas han sido devastadas alrededor de 1 mill\u00f3n 300 mil hect\u00e1reas, lo que equivale a 66 mil hect\u00e1reas por a\u00f1o.<\/p>\n<p>De ah\u00ed que coincidi\u00f3 en la importancia de que, a partir de esta exposici\u00f3n, se fomente entre la sociedad la protecci\u00f3n de los recursos naturales.<\/p>\n<p>Cabe resaltar que la principal causa de la deforestaci\u00f3n es el cambio ilegal de uso de suelo para establecer huertas, principalmente de aguacate; sin embargo, esta problem\u00e1tica ambiental no se registra \u00fanicamente en la franja aguacatera, ya que el cultivo de este fruto ha proliferado en otras regiones del estado, como el Oriente, amenazando incluso reservas naturales como la Bi\u00f3sfera de la Mariposa Monarca.<\/p>\n<p>Durante el recorrido por esta exposici\u00f3n acompa\u00f1aron al Gobernador Silvano Aureoles, el coordinador nacional de Protecci\u00f3n Civil, Luis Felipe Puente Espinoza; el secretario de Gobierno, Adri\u00e1n L\u00f3pez Sol\u00eds; el procurador de Protecci\u00f3n al Ambiente del estado, Juan Carlos Vega Sol\u00f3rzano; entre otros funcionarios estatales y federales.<\/p>\n","protected":false},"excerpt":{"rendered":"<p>El Gobernador Silvano Aureoles Conejo recorre la muestra instalada en Casa de Gobierno y que ser\u00e1 itinerante. &nbsp; Esta exposici\u00f3n, un llamado a la corresponsabilidad en la preservaci\u00f3n de los bosques y el desarrollo forestal sustentable. &nbsp; &nbsp; Morelia, Michoac\u00e1n, a 5 de junio de 2017.- En el marco del D\u00eda Mundial del Medio Ambiente, [&hellip;]<\/p>\n","protected":false},"author":2,"featured_media":37207,"comment_status":"closed","ping_status":"closed","sticky":false,"template":"","format":"standard","meta":{"footnotes":""},"categories":[14,3],"tags":[],"class_list":["post-37206","post","type-post","status-publish","format-standard","has-post-thumbnail","hentry","category-destacadas","category-gobierno-del-estado-de-michoacan"],"_links":{"self":[{"href":"https:\/\/radiowebmx.com\/nota\/wp-json\/wp\/v2\/posts\/37206","targetHints":{"allow":["GET"]}}],"collection":[{"href":"https:\/\/radiowebmx.com\/nota\/wp-json\/wp\/v2\/posts"}],"about":[{"href":"https:\/\/radiowebmx.com\/nota\/wp-json\/wp\/v2\/types\/post"}],"author":[{"embeddable":true,"href":"https:\/\/radiowebmx.com\/nota\/wp-json\/wp\/v2\/users\/2"}],"replies":[{"embeddable":true,"href":"https:\/\/radiowebmx.com\/nota\/wp-json\/wp\/v2\/comments?post=37206"}],"version-history":[{"count":1,"href":"https:\/\/radiowebmx.com\/nota\/wp-json\/wp\/v2\/posts\/37206\/revisions"}],"predecessor-version":[{"id":37208,"href":"https:\/\/radiowebmx.com\/nota\/wp-json\/wp\/v2\/posts\/37206\/revisions\/37208"}],"wp:featuredmedia":[{"embeddable":true,"href":"https:\/\/radiowebmx.com\/nota\/wp-json\/wp\/v2\/media\/37207"}],"wp:attachment":[{"href":"https:\/\/radiowebmx.com\/nota\/wp-json\/wp\/v2\/media?parent=37206"}],"wp:term":[{"taxonomy":"category","embeddable":true,"href":"https:\/\/radiowebmx.com\/nota\/wp-json\/wp\/v2\/categories?post=37206"},{"taxonomy":"post_tag","embeddable":true,"href":"https:\/\/radiowebmx.com\/nota\/wp-json\/wp\/v2\/tags?post=37206"}],"curies":[{"name":"wp","href":"https:\/\/api.w.org\/{rel}","templated":true}]}}