{"id":37203,"date":"2017-06-05T16:21:13","date_gmt":"2017-06-05T21:21:13","guid":{"rendered":"https:\/\/radiowebmx.com\/nota\/?p=37203"},"modified":"2017-06-06T10:52:16","modified_gmt":"2017-06-06T15:52:16","slug":"unificar-esfuerzos-sociedad-y-autoridades-para-prevenir-y-actuar-ante-desastres-naturales-llama-wilfrido-lazaro","status":"publish","type":"post","link":"https:\/\/radiowebmx.com\/nota\/unificar-esfuerzos-sociedad-y-autoridades-para-prevenir-y-actuar-ante-desastres-naturales-llama-wilfrido-lazaro\/","title":{"rendered":"Unificar esfuerzos sociedad y autoridades para prevenir y actuar ante desastres naturales; llama Wilfrido L\u00e1zaro"},"content":{"rendered":"<ul>\n<li><strong> El diputado del PRI, tom\u00f3 protesta durante la Tercera Sesi\u00f3n del Consejo Estatal de Protecci\u00f3n Civil y la instalaci\u00f3n del Comit\u00e9 Estatal de Emergencias y Desastres para la Temporada de Lluvia y Ciclones Tropicales 2017<\/strong><\/li>\n<\/ul>\n<p>&nbsp;<\/p>\n<p><a href=\"https:\/\/radiowebmx.com\/nota\/wp-content\/uploads\/2017\/06\/19021293_10213296191418928_1117840300_n.jpg\"><img loading=\"lazy\" decoding=\"async\" class=\"alignnone size-medium wp-image-37204\" src=\"https:\/\/radiowebmx.com\/nota\/wp-content\/uploads\/2017\/06\/19021293_10213296191418928_1117840300_n-595x396.jpg\" alt=\"\" width=\"595\" height=\"396\" srcset=\"https:\/\/radiowebmx.com\/nota\/wp-content\/uploads\/2017\/06\/19021293_10213296191418928_1117840300_n-595x396.jpg 595w, https:\/\/radiowebmx.com\/nota\/wp-content\/uploads\/2017\/06\/19021293_10213296191418928_1117840300_n.jpg 709w\" sizes=\"auto, (max-width: 595px) 100vw, 595px\" \/><\/a><\/p>\n<p>&nbsp;<\/p>\n<p>Morelia, Michoac\u00e1n, 05 de junio de 2017.-\u00a0\u00a0 Michoac\u00e1n ha sido una de las entidades m\u00e1s afectadas por los fen\u00f3menos meteorol\u00f3gicos en los \u00faltimos a\u00f1os, por lo que las autoridades de los tres \u00f3rdenes de Gobierno, Federal, Estatal y Municipal, deben unificar esfuerzos para prevenir y en su caso, hacer frente a los fen\u00f3menos naturales de este 2017, afirm\u00f3 el diputado Presidente de la Comisi\u00f3n de Seguridad y Protecci\u00f3n Civil, Wilfrido L\u00e1zaro Medina.<\/p>\n<p>&nbsp;<\/p>\n<p>Al tomar protesta durante la instalaci\u00f3n de la Tercera Sesi\u00f3n del Consejo Estatal de Protecci\u00f3n Civil y la instalaci\u00f3n del Comit\u00e9 Estatal de Emergencias y Desastres para la Temporada de Lluvia y Ciclones Tropicales 2017,\u00a0 se\u00f1al\u00f3 que el pron\u00f3stico del Servicio Meteorol\u00f3gico Nacional (SMN) para 2017, es que se formar\u00e1n 12 tormentas, cinco huracanes y tres grandes huracanes; si bien esta predicci\u00f3n es la m\u00e1s baja en los \u00faltimos 30 a\u00f1os, con cinco ciclones menos que el a\u00f1o pasado, sostuvo que se debe estar atento ante el comportamiento at\u00edpico del clima en el mundo.<\/p>\n<p>&nbsp;<\/p>\n<p>\u201cEl cambio clim\u00e1tico es una realidad. Ya nos est\u00e1 pasando la factura la naturaleza por el abuso y la constante agresi\u00f3n que ha tenido el hombre hacia nuestro entorno, por lo que la falta de agua y el incremento de la temperatura lo debemos de tomar como alertas graves para actuar en consecuencia a trav\u00e9s de la educaci\u00f3n, el trabajo institucional y la coordinaci\u00f3n con la sociedad civil\u201d, llamo L\u00e1zaro Medina.<\/p>\n<p>&nbsp;<\/p>\n<p>El diputado tricolor enfatiz\u00f3 que es fundamental la cultura de la prevenci\u00f3n, que contribuyan a disminuir los impactos de desastres, en todos los \u00e1mbitos, pero especialmente en la afectaci\u00f3n de la vida humana, por ello sostuvo que Gobiernos federal, estatal y municipal deben caminar de la mano para mejorar la coordinaci\u00f3n de las unidades de protecci\u00f3n civil y realizar medidas para mitigar riesgos ante eventos adversos.<\/p>\n<p>&nbsp;<\/p>\n<p>Record\u00f3 que las experiencias vividas en los \u00faltimos a\u00f1os, demuestran que\u00a0 la cultura de la prevenci\u00f3n es una alternativa, para identificar las zonas de alto riesgo, y en su caso activar programas dirigidos a la poblaci\u00f3n en general para prevenir desastres.<\/p>\n<p>&nbsp;<\/p>\n<p>El diputado agreg\u00f3 que los efectos de los desastres naturales originados por fen\u00f3menos meteorol\u00f3gicos, pueden ser mitigados en gran medida con identificaci\u00f3n de zonas de riesgo, pero especialmente con educaci\u00f3n, a trav\u00e9s de la mejora de la capacidad de preparaci\u00f3n y respuesta de la sociedad y autoridades ante los eventos de la naturaleza.<\/p>\n<p>&nbsp;<\/p>\n<p>Sostuvo que con la sociedad se debe trabajar en acciones y actitudes a instaurar una cultura de prevenci\u00f3n real y duradera, que informen a los ciudadanos que hacer ante situaciones como son sismos, inundaciones, deslizamientos, sequ\u00edas, plagas, incendios forestales o huracanes, y para evitar la p\u00e9rdida de vidas humanas.<\/p>\n","protected":false},"excerpt":{"rendered":"<p>El diputado del PRI, tom\u00f3 protesta durante la Tercera Sesi\u00f3n del Consejo Estatal de Protecci\u00f3n Civil y la instalaci\u00f3n del Comit\u00e9 Estatal de Emergencias y Desastres para la Temporada de Lluvia y Ciclones Tropicales 2017 &nbsp; &nbsp; Morelia, Michoac\u00e1n, 05 de junio de 2017.-\u00a0\u00a0 Michoac\u00e1n ha sido una de las entidades m\u00e1s afectadas por los [&hellip;]<\/p>\n","protected":false},"author":2,"featured_media":37204,"comment_status":"closed","ping_status":"closed","sticky":false,"template":"","format":"standard","meta":{"footnotes":""},"categories":[6,14,7],"tags":[],"class_list":["post-37203","post","type-post","status-publish","format-standard","has-post-thumbnail","hentry","category-congreso-del-estado","category-destacadas","category-grupo-parlamentario-del-pri"],"_links":{"self":[{"href":"https:\/\/radiowebmx.com\/nota\/wp-json\/wp\/v2\/posts\/37203","targetHints":{"allow":["GET"]}}],"collection":[{"href":"https:\/\/radiowebmx.com\/nota\/wp-json\/wp\/v2\/posts"}],"about":[{"href":"https:\/\/radiowebmx.com\/nota\/wp-json\/wp\/v2\/types\/post"}],"author":[{"embeddable":true,"href":"https:\/\/radiowebmx.com\/nota\/wp-json\/wp\/v2\/users\/2"}],"replies":[{"embeddable":true,"href":"https:\/\/radiowebmx.com\/nota\/wp-json\/wp\/v2\/comments?post=37203"}],"version-history":[{"count":1,"href":"https:\/\/radiowebmx.com\/nota\/wp-json\/wp\/v2\/posts\/37203\/revisions"}],"predecessor-version":[{"id":37205,"href":"https:\/\/radiowebmx.com\/nota\/wp-json\/wp\/v2\/posts\/37203\/revisions\/37205"}],"wp:featuredmedia":[{"embeddable":true,"href":"https:\/\/radiowebmx.com\/nota\/wp-json\/wp\/v2\/media\/37204"}],"wp:attachment":[{"href":"https:\/\/radiowebmx.com\/nota\/wp-json\/wp\/v2\/media?parent=37203"}],"wp:term":[{"taxonomy":"category","embeddable":true,"href":"https:\/\/radiowebmx.com\/nota\/wp-json\/wp\/v2\/categories?post=37203"},{"taxonomy":"post_tag","embeddable":true,"href":"https:\/\/radiowebmx.com\/nota\/wp-json\/wp\/v2\/tags?post=37203"}],"curies":[{"name":"wp","href":"https:\/\/api.w.org\/{rel}","templated":true}]}}