{"id":37191,"date":"2017-06-05T22:51:05","date_gmt":"2017-06-06T03:51:05","guid":{"rendered":"https:\/\/radiowebmx.com\/nota\/?p=37191"},"modified":"2017-06-06T10:36:03","modified_gmt":"2017-06-06T15:36:03","slug":"estado-y-federacion-firmes-en-mejorar-la-educacion-en-michoacan","status":"publish","type":"post","link":"https:\/\/radiowebmx.com\/nota\/estado-y-federacion-firmes-en-mejorar-la-educacion-en-michoacan\/","title":{"rendered":"Estado y Federaci\u00f3n, firmes en mejorar la educaci\u00f3n en Michoac\u00e1n"},"content":{"rendered":"<p><a href=\"https:\/\/radiowebmx.com\/nota\/wp-content\/uploads\/2017\/06\/6948fc2a-b1b9-4d83-98ca-a1757703468d.jpg\"><img loading=\"lazy\" decoding=\"async\" class=\"alignnone size-medium wp-image-37192\" src=\"https:\/\/radiowebmx.com\/nota\/wp-content\/uploads\/2017\/06\/6948fc2a-b1b9-4d83-98ca-a1757703468d-595x396.jpg\" alt=\"\" width=\"595\" height=\"396\" srcset=\"https:\/\/radiowebmx.com\/nota\/wp-content\/uploads\/2017\/06\/6948fc2a-b1b9-4d83-98ca-a1757703468d-595x396.jpg 595w, https:\/\/radiowebmx.com\/nota\/wp-content\/uploads\/2017\/06\/6948fc2a-b1b9-4d83-98ca-a1757703468d.jpg 709w\" sizes=\"auto, (max-width: 595px) 100vw, 595px\" \/><\/a><\/p>\n<p>&nbsp;<\/p>\n<p><strong>Ciudad de M\u00e9xico, a 5 de junio de 2017.-<\/strong>Estado y Federaci\u00f3n se mantienen firmes en la estrategia conjunta para consolidar la calidad de la educaci\u00f3n en Michoac\u00e1n, coincidieron el Gobernador Constitucional Silvano Aureoles Conejo y el secretario de Educaci\u00f3n P\u00fablica, Aurelio Nu\u00f1o Mayer.<\/p>\n<p>&nbsp;<\/p>\n<p>En la reuni\u00f3n de trabajo que sostuvieron esta noche, y en la que el mandatario michoacano estuvo acompa\u00f1ado del secretario de Educaci\u00f3n estatal, Alberto Frutis Sol\u00eds, revisaron los avances en materia educativa, al ser este rubro uno de los prioritarios desde el inicio de la administraci\u00f3n que encabeza Aureoles Conejo y cuyas acciones tienen como ruta abatir el rezago educativo que detiene el desarrollo de las y los michoacanos.<\/p>\n<p>&nbsp;<\/p>\n<p>Se destac\u00f3 la importancia de seguir reforzando programas como lo es Beca Futuro y Escuelas al CIEN, siendo este \u00faltimo el que terminar\u00e1 con las escuelas &#8220;de palitos&#8221; y permitir\u00e1 contar con instalaciones dignas en las que la ni\u00f1ez se pueda formar adecuadamente.<\/p>\n","protected":false},"excerpt":{"rendered":"<p>&nbsp; Ciudad de M\u00e9xico, a 5 de junio de 2017.-Estado y Federaci\u00f3n se mantienen firmes en la estrategia conjunta para consolidar la calidad de la educaci\u00f3n en Michoac\u00e1n, coincidieron el Gobernador Constitucional Silvano Aureoles Conejo y el secretario de Educaci\u00f3n P\u00fablica, Aurelio Nu\u00f1o Mayer. &nbsp; En la reuni\u00f3n de trabajo que sostuvieron esta noche, y [&hellip;]<\/p>\n","protected":false},"author":2,"featured_media":37192,"comment_status":"closed","ping_status":"closed","sticky":false,"template":"","format":"standard","meta":{"footnotes":""},"categories":[14,3],"tags":[],"class_list":["post-37191","post","type-post","status-publish","format-standard","has-post-thumbnail","hentry","category-destacadas","category-gobierno-del-estado-de-michoacan"],"_links":{"self":[{"href":"https:\/\/radiowebmx.com\/nota\/wp-json\/wp\/v2\/posts\/37191","targetHints":{"allow":["GET"]}}],"collection":[{"href":"https:\/\/radiowebmx.com\/nota\/wp-json\/wp\/v2\/posts"}],"about":[{"href":"https:\/\/radiowebmx.com\/nota\/wp-json\/wp\/v2\/types\/post"}],"author":[{"embeddable":true,"href":"https:\/\/radiowebmx.com\/nota\/wp-json\/wp\/v2\/users\/2"}],"replies":[{"embeddable":true,"href":"https:\/\/radiowebmx.com\/nota\/wp-json\/wp\/v2\/comments?post=37191"}],"version-history":[{"count":1,"href":"https:\/\/radiowebmx.com\/nota\/wp-json\/wp\/v2\/posts\/37191\/revisions"}],"predecessor-version":[{"id":37193,"href":"https:\/\/radiowebmx.com\/nota\/wp-json\/wp\/v2\/posts\/37191\/revisions\/37193"}],"wp:featuredmedia":[{"embeddable":true,"href":"https:\/\/radiowebmx.com\/nota\/wp-json\/wp\/v2\/media\/37192"}],"wp:attachment":[{"href":"https:\/\/radiowebmx.com\/nota\/wp-json\/wp\/v2\/media?parent=37191"}],"wp:term":[{"taxonomy":"category","embeddable":true,"href":"https:\/\/radiowebmx.com\/nota\/wp-json\/wp\/v2\/categories?post=37191"},{"taxonomy":"post_tag","embeddable":true,"href":"https:\/\/radiowebmx.com\/nota\/wp-json\/wp\/v2\/tags?post=37191"}],"curies":[{"name":"wp","href":"https:\/\/api.w.org\/{rel}","templated":true}]}}