{"id":37179,"date":"2017-06-02T15:29:02","date_gmt":"2017-06-02T20:29:02","guid":{"rendered":"https:\/\/radiowebmx.com\/nota\/?p=37179"},"modified":"2017-06-05T12:02:20","modified_gmt":"2017-06-05T17:02:20","slug":"sfa-por-el-fortalecimiento-de-sus-administradores-y-receptores-de-rentas","status":"publish","type":"post","link":"https:\/\/radiowebmx.com\/nota\/sfa-por-el-fortalecimiento-de-sus-administradores-y-receptores-de-rentas\/","title":{"rendered":"SFA, por el fortalecimiento de sus administradores y receptores de rentas"},"content":{"rendered":"<p><a href=\"https:\/\/radiowebmx.com\/nota\/wp-content\/uploads\/2017\/06\/b017febf-eff3-4ac1-a2be-0cab9bc92bc9.jpg\"><img loading=\"lazy\" decoding=\"async\" class=\"alignnone size-medium wp-image-37180\" src=\"https:\/\/radiowebmx.com\/nota\/wp-content\/uploads\/2017\/06\/b017febf-eff3-4ac1-a2be-0cab9bc92bc9-595x446.jpg\" alt=\"\" width=\"595\" height=\"446\" srcset=\"https:\/\/radiowebmx.com\/nota\/wp-content\/uploads\/2017\/06\/b017febf-eff3-4ac1-a2be-0cab9bc92bc9-595x446.jpg 595w, https:\/\/radiowebmx.com\/nota\/wp-content\/uploads\/2017\/06\/b017febf-eff3-4ac1-a2be-0cab9bc92bc9.jpg 709w\" sizes=\"auto, (max-width: 595px) 100vw, 595px\" \/><\/a><\/p>\n<p>&nbsp;<\/p>\n<p><strong>Morelia, Michoac\u00e1n, a 2 de junio de 2017.-<\/strong> Con la encomienda atender las necesidades de las y los administradores y receptores de rentas del estado, as\u00ed como de dotarlos con conocimientos y herramientas necesarias para el \u00f3ptimo desarrollo de sus funciones, se llev\u00f3 a cabo el Encuentro de Evaluaci\u00f3n y Capacitaci\u00f3n de la Secretar\u00eda de Finanzas y Administraci\u00f3n (SFA).<\/p>\n<p>En la reuni\u00f3n convocada por la Direcci\u00f3n General de Pol\u00edtica Tributaria de la SFA, a la que se dieron cita 20 administradores y receptores de rentas de los municipios con mayor captaci\u00f3n recaudatoria, como Uruapan, L\u00e1zaro C\u00e1rdenas y Zamora, el director general de Pol\u00edtica Tributaria, Carlos Reyes G\u00e1miz, enfatiz\u00f3 el inter\u00e9s del Gobernador Silvano Aureoles Conejo de escuchar y atender las necesidades con que cuentan los servidores p\u00fablicos en sus lugares de trabajo, por lo que ahora se trabajar\u00e1 con mayor atenci\u00f3n en la oficinas rent\u00edsticas.<\/p>\n<p>Reyes G\u00e1miz indic\u00f3 que si bien es imprescindible generar las condiciones id\u00f3neas en los lugares de trabajo para el buen desarrollo de las actividades recaudatorias y de desempe\u00f1o de los trabajadores, tambi\u00e9n es prioridad contar con servidores p\u00fablicos preparados y con los conocimientos necesarios para lograr el objetivo de reforzar los procesos recaudatorios, as\u00ed como optimizar los ingresos estatales.<\/p>\n<p>Para esto, apunt\u00f3, los administradores, receptores y la Direcci\u00f3n General ser\u00e1n supervisados mediante evaluaciones que permitan medir la productividad.<\/p>\n<p>De igual manera, reconoci\u00f3 la extraordinaria labor hecha por los trabajadores estatales, ya que \u201cmuchas ocasiones deben realizarla con escases de herramientas y materiales; sin embargo, estamos obligados a tomar medidas mediante procedimientos de control que permitan identificar lo que se hace mal, para estar en condiciones de mejorar\u201d.<\/p>\n<p>Tambi\u00e9n llam\u00f3 a la unidad y al trabajo conjunto entre trabajadores sindicalizados y eventuales para que el estado pueda tener una actividad recaudatoria eficiente y por consiguiente los recursos necesarios para el saneamiento de las finanzas p\u00fablicas.<\/p>\n<p>A trav\u00e9s de la capacitaci\u00f3n de sus trabajadores, el Gobierno del Estado refrenda su compromiso con las y los michoacanos de fomentar una mejor cultura de servicio en sus dependencias.<\/p>\n","protected":false},"excerpt":{"rendered":"<p>&nbsp; Morelia, Michoac\u00e1n, a 2 de junio de 2017.- Con la encomienda atender las necesidades de las y los administradores y receptores de rentas del estado, as\u00ed como de dotarlos con conocimientos y herramientas necesarias para el \u00f3ptimo desarrollo de sus funciones, se llev\u00f3 a cabo el Encuentro de Evaluaci\u00f3n y Capacitaci\u00f3n de la Secretar\u00eda [&hellip;]<\/p>\n","protected":false},"author":2,"featured_media":37180,"comment_status":"closed","ping_status":"closed","sticky":false,"template":"","format":"standard","meta":{"footnotes":""},"categories":[14,3],"tags":[],"class_list":["post-37179","post","type-post","status-publish","format-standard","has-post-thumbnail","hentry","category-destacadas","category-gobierno-del-estado-de-michoacan"],"_links":{"self":[{"href":"https:\/\/radiowebmx.com\/nota\/wp-json\/wp\/v2\/posts\/37179","targetHints":{"allow":["GET"]}}],"collection":[{"href":"https:\/\/radiowebmx.com\/nota\/wp-json\/wp\/v2\/posts"}],"about":[{"href":"https:\/\/radiowebmx.com\/nota\/wp-json\/wp\/v2\/types\/post"}],"author":[{"embeddable":true,"href":"https:\/\/radiowebmx.com\/nota\/wp-json\/wp\/v2\/users\/2"}],"replies":[{"embeddable":true,"href":"https:\/\/radiowebmx.com\/nota\/wp-json\/wp\/v2\/comments?post=37179"}],"version-history":[{"count":1,"href":"https:\/\/radiowebmx.com\/nota\/wp-json\/wp\/v2\/posts\/37179\/revisions"}],"predecessor-version":[{"id":37181,"href":"https:\/\/radiowebmx.com\/nota\/wp-json\/wp\/v2\/posts\/37179\/revisions\/37181"}],"wp:featuredmedia":[{"embeddable":true,"href":"https:\/\/radiowebmx.com\/nota\/wp-json\/wp\/v2\/media\/37180"}],"wp:attachment":[{"href":"https:\/\/radiowebmx.com\/nota\/wp-json\/wp\/v2\/media?parent=37179"}],"wp:term":[{"taxonomy":"category","embeddable":true,"href":"https:\/\/radiowebmx.com\/nota\/wp-json\/wp\/v2\/categories?post=37179"},{"taxonomy":"post_tag","embeddable":true,"href":"https:\/\/radiowebmx.com\/nota\/wp-json\/wp\/v2\/tags?post=37179"}],"curies":[{"name":"wp","href":"https:\/\/api.w.org\/{rel}","templated":true}]}}