{"id":37159,"date":"2017-06-03T12:50:44","date_gmt":"2017-06-03T17:50:44","guid":{"rendered":"https:\/\/radiowebmx.com\/nota\/?p=37159"},"modified":"2017-06-05T11:20:32","modified_gmt":"2017-06-05T16:20:32","slug":"ivem-alista-programas-de-vivienda-para-jiquilpan-y-sahuayo","status":"publish","type":"post","link":"https:\/\/radiowebmx.com\/nota\/ivem-alista-programas-de-vivienda-para-jiquilpan-y-sahuayo\/","title":{"rendered":"IVEM alista programas de vivienda para Jiquilpan y Sahuayo"},"content":{"rendered":"<p><a href=\"https:\/\/radiowebmx.com\/nota\/wp-content\/uploads\/2017\/06\/fa21d6de-2e43-42d1-8017-a7e584f96ff7.jpg\"><img loading=\"lazy\" decoding=\"async\" class=\"alignnone size-medium wp-image-37160\" src=\"https:\/\/radiowebmx.com\/nota\/wp-content\/uploads\/2017\/06\/fa21d6de-2e43-42d1-8017-a7e584f96ff7-595x334.jpg\" alt=\"\" width=\"595\" height=\"334\" srcset=\"https:\/\/radiowebmx.com\/nota\/wp-content\/uploads\/2017\/06\/fa21d6de-2e43-42d1-8017-a7e584f96ff7-595x334.jpg 595w, https:\/\/radiowebmx.com\/nota\/wp-content\/uploads\/2017\/06\/fa21d6de-2e43-42d1-8017-a7e584f96ff7.jpg 709w\" sizes=\"auto, (max-width: 595px) 100vw, 595px\" \/><\/a><\/p>\n<p>&nbsp;<\/p>\n<p><strong>Morelia, Michoac\u00e1n, a 3 de junio de 2017.-<\/strong> Para que las y los michoacanos conozcan las acciones y programas que el Instituto de Vivienda del Estado de Michoac\u00e1n (IVEM) realiza, personal de la dependencia y de Financiera \u00c9chale se reuni\u00f3 con habitantes de los municipios de Jiquilpan y Sahuayo.<\/p>\n<p>El objetivo del encuentro fue acercar a las familias oportunidades para que puedan mejorar sus condiciones de vida con acciones que les ayuden a obtener un patrimonio propio y digno.<\/p>\n<p>Durante la reuni\u00f3n, en la que estuvo presente el alcalde de Jiquilpan, Jos\u00e9 Clemente Covarrubias Castillo, el director de Operaciones de \u00c9chale a Tu Casa, Iv\u00e1n Ram\u00edrez, dio a conocer los programas con los que trabaja la empresa, como Autoproducci\u00f3n, Mejoramiento y Manos a la Obra.<\/p>\n<p>A trav\u00e9s de estos programas se otorgan facilidades para que personas de escasos recursos que habitan en zonas urbanas, rurales y semi rurales puedan acceder a financiamientos y construir su hogar o ampliarlo.<\/p>\n<p>Cabe destacar que una vez concretadas las acciones que se contemplan en cada uno de los programas, \u00e9stas se realizan en predios propiedad del IVEM, dando continuidad en una primera fase el cr\u00e9dito del terreno y en una segunda a la autoprotecci\u00f3n o construcci\u00f3n de la vivienda.<\/p>\n<p>Con este tipo de acciones, el IVEM contin\u00faa con el trabajo en beneficio de las familias de Michoac\u00e1n al sumar esfuerzos con los distintos \u00f3rdenes de gobierno para conseguirlo.<\/p>\n","protected":false},"excerpt":{"rendered":"<p>&nbsp; Morelia, Michoac\u00e1n, a 3 de junio de 2017.- Para que las y los michoacanos conozcan las acciones y programas que el Instituto de Vivienda del Estado de Michoac\u00e1n (IVEM) realiza, personal de la dependencia y de Financiera \u00c9chale se reuni\u00f3 con habitantes de los municipios de Jiquilpan y Sahuayo. El objetivo del encuentro fue [&hellip;]<\/p>\n","protected":false},"author":2,"featured_media":37160,"comment_status":"closed","ping_status":"closed","sticky":false,"template":"","format":"standard","meta":{"footnotes":""},"categories":[14,3],"tags":[],"class_list":["post-37159","post","type-post","status-publish","format-standard","has-post-thumbnail","hentry","category-destacadas","category-gobierno-del-estado-de-michoacan"],"_links":{"self":[{"href":"https:\/\/radiowebmx.com\/nota\/wp-json\/wp\/v2\/posts\/37159","targetHints":{"allow":["GET"]}}],"collection":[{"href":"https:\/\/radiowebmx.com\/nota\/wp-json\/wp\/v2\/posts"}],"about":[{"href":"https:\/\/radiowebmx.com\/nota\/wp-json\/wp\/v2\/types\/post"}],"author":[{"embeddable":true,"href":"https:\/\/radiowebmx.com\/nota\/wp-json\/wp\/v2\/users\/2"}],"replies":[{"embeddable":true,"href":"https:\/\/radiowebmx.com\/nota\/wp-json\/wp\/v2\/comments?post=37159"}],"version-history":[{"count":1,"href":"https:\/\/radiowebmx.com\/nota\/wp-json\/wp\/v2\/posts\/37159\/revisions"}],"predecessor-version":[{"id":37161,"href":"https:\/\/radiowebmx.com\/nota\/wp-json\/wp\/v2\/posts\/37159\/revisions\/37161"}],"wp:featuredmedia":[{"embeddable":true,"href":"https:\/\/radiowebmx.com\/nota\/wp-json\/wp\/v2\/media\/37160"}],"wp:attachment":[{"href":"https:\/\/radiowebmx.com\/nota\/wp-json\/wp\/v2\/media?parent=37159"}],"wp:term":[{"taxonomy":"category","embeddable":true,"href":"https:\/\/radiowebmx.com\/nota\/wp-json\/wp\/v2\/categories?post=37159"},{"taxonomy":"post_tag","embeddable":true,"href":"https:\/\/radiowebmx.com\/nota\/wp-json\/wp\/v2\/tags?post=37159"}],"curies":[{"name":"wp","href":"https:\/\/api.w.org\/{rel}","templated":true}]}}