{"id":37156,"date":"2017-06-03T13:16:59","date_gmt":"2017-06-03T18:16:59","guid":{"rendered":"https:\/\/radiowebmx.com\/nota\/?p=37156"},"modified":"2017-06-05T11:18:31","modified_gmt":"2017-06-05T16:18:31","slug":"ayuntamiento-de-morelia-conmemora-el-clvi-aniversario-luctuoso-de-melchor-ocampo","status":"publish","type":"post","link":"https:\/\/radiowebmx.com\/nota\/ayuntamiento-de-morelia-conmemora-el-clvi-aniversario-luctuoso-de-melchor-ocampo\/","title":{"rendered":"Ayuntamiento de Morelia conmemora el CLVI Aniversario Luctuoso de Melchor Ocampo"},"content":{"rendered":"<p><a href=\"https:\/\/radiowebmx.com\/nota\/wp-content\/uploads\/2017\/06\/bed6f4a4-3606-4995-a1d9-a6869564e3b0.jpg\"><img loading=\"lazy\" decoding=\"async\" class=\"alignnone size-medium wp-image-37157\" src=\"https:\/\/radiowebmx.com\/nota\/wp-content\/uploads\/2017\/06\/bed6f4a4-3606-4995-a1d9-a6869564e3b0-595x396.jpg\" alt=\"\" width=\"595\" height=\"396\" srcset=\"https:\/\/radiowebmx.com\/nota\/wp-content\/uploads\/2017\/06\/bed6f4a4-3606-4995-a1d9-a6869564e3b0-595x396.jpg 595w, https:\/\/radiowebmx.com\/nota\/wp-content\/uploads\/2017\/06\/bed6f4a4-3606-4995-a1d9-a6869564e3b0.jpg 709w\" sizes=\"auto, (max-width: 595px) 100vw, 595px\" \/><\/a><\/p>\n<p>&nbsp;<\/p>\n<p>En pleno reconocimiento a la vida y obra de este pensador liberal y ex Gobernador del Estado,\u00a0 el Gobierno Municipal con la representaci\u00f3n del Tesorero, Alberto Guzm\u00e1n D\u00edaz, particip\u00f3 en la Ceremonia Conmemorativa del CLVI Aniversario Luctuoso\u00a0 de Don Melchor Ocampo Tapia.<\/p>\n<p>Acompa\u00f1ando al Secretario de Educaci\u00f3n en la entidad, Alberto Frutis Sol\u00eds, al Rector de la Universidad Michoacana, Medardo Serna Gonz\u00e1lez, el Magistrado Cuarta Sala Civil del Supremo Tribunal de Justicia del Estado,\u00a0 Sergio Alberto Cazares Sol\u00f3rzano, el ex Rector del Colegio Primitivo y Nacional de San Nicol\u00e1s de Hidalgo, Jos\u00e9 Napole\u00f3n Guzm\u00e1n \u00c1vila, el representante de la Gran Logia L\u00e1zaro C\u00e1rdenas, Horacio Erick Avil\u00e9s Mart\u00ednez y el Regente Nicolaita,\u00a0 Aldo Ulises Olmedo Castillo, el encargado de las finanzas municipales escuch\u00f3 como Ocampo Tapia tuvo una actuaci\u00f3n ejemplar como servidor p\u00fablico, en beneficio de la educaci\u00f3n.<\/p>\n<p>Asesinado a los 47 a\u00f1os, este ex mandatario estatal tuvo que hacer frente a la invasi\u00f3n estadounidense y logr\u00f3 el derrocar al dictador Santa Anna.<\/p>\n<p>El Representante de la Gran Logia L\u00e1zaro C\u00e1rdenas y\u00a0 uno de los oradores oficiales, Erick Avil\u00e9s, invit\u00f3 a apropiarse a los ideales de Ocampo: estudio, trabajo y valores.<\/p>\n<p>Asimismo, otro de los oradores, Jos\u00e9 Napole\u00f3n Guzm\u00e1n, asegur\u00f3 que Don Melchor Ocampo fue de la clase pol\u00edtica que defendi\u00f3 al pueblo.<\/p>\n<p>Se\u00f1al\u00f3 que M\u00e9xico debe fortalecer la educaci\u00f3n, una formaci\u00f3n que se centre en la calidad acad\u00e9mica, una adecuada preparaci\u00f3n del educando y que se forme a gente con capacidad de an\u00e1lisis de la actual situaci\u00f3n pol\u00edtica y social como ideal del ex Gobernador michoacano.<\/p>\n<p>Posterior a este acto, se realiz\u00f3 el dep\u00f3sito de ofrenda floral y se mont\u00f3 guardia de honor en el coraz\u00f3n de Don Melchor Ocampo, depositado y resguardado en el Colegio Primitivo y Nacional de San Nicol\u00e1s de Hidalgo, ubicado en el Centro Hist\u00f3rico de Morelia, posteriormente se realiz\u00f3 un recorrido en Bando Solemne por la Avenida Madero hasta la Plaza en honor a este pensador liberal en el que se repitieron est\u00e1s acciones de respeto a su monumento.<\/p>\n<p>Previamente, desde temprana hora el Ayuntamiento de Morelia encabezado por el S\u00edndico, Fabio Sistos Rangel, el Secretario de Administraci\u00f3n, Yankel Ben\u00edtez Silva, las Regidoras, Adela Alejandre Flores, Kathia Ortiz \u00c1vila, entre otras autoridades municipales presentes y acompa\u00f1ados por la Banda de Guerra de la Polic\u00eda de Morelia, realiz\u00f3 el izamiento de la Bandera Nacional en la Plaza Morelos en conmemoraci\u00f3n de Don Melchor Ocampo.<\/p>\n","protected":false},"excerpt":{"rendered":"<p>&nbsp; En pleno reconocimiento a la vida y obra de este pensador liberal y ex Gobernador del Estado,\u00a0 el Gobierno Municipal con la representaci\u00f3n del Tesorero, Alberto Guzm\u00e1n D\u00edaz, particip\u00f3 en la Ceremonia Conmemorativa del CLVI Aniversario Luctuoso\u00a0 de Don Melchor Ocampo Tapia. Acompa\u00f1ando al Secretario de Educaci\u00f3n en la entidad, Alberto Frutis Sol\u00eds, al [&hellip;]<\/p>\n","protected":false},"author":2,"featured_media":37157,"comment_status":"closed","ping_status":"closed","sticky":false,"template":"","format":"standard","meta":{"footnotes":""},"categories":[14,9],"tags":[],"class_list":["post-37156","post","type-post","status-publish","format-standard","has-post-thumbnail","hentry","category-destacadas","category-morelia"],"_links":{"self":[{"href":"https:\/\/radiowebmx.com\/nota\/wp-json\/wp\/v2\/posts\/37156","targetHints":{"allow":["GET"]}}],"collection":[{"href":"https:\/\/radiowebmx.com\/nota\/wp-json\/wp\/v2\/posts"}],"about":[{"href":"https:\/\/radiowebmx.com\/nota\/wp-json\/wp\/v2\/types\/post"}],"author":[{"embeddable":true,"href":"https:\/\/radiowebmx.com\/nota\/wp-json\/wp\/v2\/users\/2"}],"replies":[{"embeddable":true,"href":"https:\/\/radiowebmx.com\/nota\/wp-json\/wp\/v2\/comments?post=37156"}],"version-history":[{"count":1,"href":"https:\/\/radiowebmx.com\/nota\/wp-json\/wp\/v2\/posts\/37156\/revisions"}],"predecessor-version":[{"id":37158,"href":"https:\/\/radiowebmx.com\/nota\/wp-json\/wp\/v2\/posts\/37156\/revisions\/37158"}],"wp:featuredmedia":[{"embeddable":true,"href":"https:\/\/radiowebmx.com\/nota\/wp-json\/wp\/v2\/media\/37157"}],"wp:attachment":[{"href":"https:\/\/radiowebmx.com\/nota\/wp-json\/wp\/v2\/media?parent=37156"}],"wp:term":[{"taxonomy":"category","embeddable":true,"href":"https:\/\/radiowebmx.com\/nota\/wp-json\/wp\/v2\/categories?post=37156"},{"taxonomy":"post_tag","embeddable":true,"href":"https:\/\/radiowebmx.com\/nota\/wp-json\/wp\/v2\/tags?post=37156"}],"curies":[{"name":"wp","href":"https:\/\/api.w.org\/{rel}","templated":true}]}}