{"id":37153,"date":"2017-06-03T13:38:40","date_gmt":"2017-06-03T18:38:40","guid":{"rendered":"https:\/\/radiowebmx.com\/nota\/?p=37153"},"modified":"2017-06-05T11:16:48","modified_gmt":"2017-06-05T16:16:48","slug":"asiste-gobernador-a-entrega-de-presea-melchor-ocampo-al-artista-agustin-cardenas-castro","status":"publish","type":"post","link":"https:\/\/radiowebmx.com\/nota\/asiste-gobernador-a-entrega-de-presea-melchor-ocampo-al-artista-agustin-cardenas-castro\/","title":{"rendered":"Asiste Gobernador a entrega de Presea Melchor Ocampo al artista Agust\u00edn C\u00e1rdenas Castro"},"content":{"rendered":"<ul>\n<li>Reconocen los 60 a\u00f1os ininterrumpidos de trayectoria del artista pl\u00e1stico y m\u00fasico Eleazar Agust\u00edn C\u00e1rdenas.<\/li>\n<\/ul>\n<p><a href=\"https:\/\/radiowebmx.com\/nota\/wp-content\/uploads\/2017\/06\/9dfaf26b-23c8-4a37-bbad-09def3c2be40.jpeg\"><img loading=\"lazy\" decoding=\"async\" class=\"alignnone size-medium wp-image-37154\" src=\"https:\/\/radiowebmx.com\/nota\/wp-content\/uploads\/2017\/06\/9dfaf26b-23c8-4a37-bbad-09def3c2be40-595x396.jpeg\" alt=\"\" width=\"595\" height=\"396\" srcset=\"https:\/\/radiowebmx.com\/nota\/wp-content\/uploads\/2017\/06\/9dfaf26b-23c8-4a37-bbad-09def3c2be40-595x396.jpeg 595w, https:\/\/radiowebmx.com\/nota\/wp-content\/uploads\/2017\/06\/9dfaf26b-23c8-4a37-bbad-09def3c2be40.jpeg 709w\" sizes=\"auto, (max-width: 595px) 100vw, 595px\" \/><\/a><\/p>\n<p>&nbsp;<\/p>\n<p><strong>Morelia, Michoac\u00e1n, a 3 de junio de 2017.-<\/strong> El Gobernador Constitucional Silvano Aureoles Conejo, encabez\u00f3 con los titulares de los Poderes Legislativo y Judicial, la entrega de la Presea Melchor Ocampo al reconocido artista pl\u00e1stico y m\u00fasico, Eleazar Agust\u00edn C\u00e1rdenas Castro, autor intelectual del escudo oficial del estado de Michoac\u00e1n, distinguido por su amplia trayectoria que proyect\u00f3 a nivel nacional e internacional.<\/p>\n<p>La presea fue otorgada a su hija Mar\u00eda Auxilio C\u00e1rdenas Rodr\u00edguez en sesi\u00f3n solemne del Congreso del Estado, donde los titulares de los tres Poderes de Gobierno reconocieron de manera p\u00f3stuma los 60 a\u00f1os de trayectoria de este artista originario de Patamban y que con orgullo plasm\u00f3 los valores, la identidad y la historia que rige al estado en el escudo oficial de Michoac\u00e1n.<\/p>\n<p>El muralista, quien falleci\u00f3 apenas el pasado 25 de octubre de 2016, realiz\u00f3 una serie de obras en distintas partes del pa\u00eds y el extranjero; tan s\u00f3lo un ejemplo de sus importantes murales se encuentra plasmado en el Palacio de Justicia de la capital michoacana y que recibe el nombre de \u201cMorelos y la justicia\u201d, mismo que fue elaborado en 1976 y restaurado por el mismo Agust\u00edn C\u00e1rdenas 40 a\u00f1os despu\u00e9s, a sus 80 a\u00f1os de edad.<\/p>\n<p>Nacido el 3 de octubre de 1936, C\u00e1rdenas Castro se form\u00f3 en la Academia de San Carlos, de la Ciudad de M\u00e9xico, y fue alumno de los reconocidos profesores Armando Garc\u00eda N\u00fa\u00f1ez y Diego Rivera.<\/p>\n<p>Otros de sus logros fueron la creaci\u00f3n de los murales Teoc\u00e9ntrico de la Iglesia de la Moncada en Guanajuato; el Apoteosis de Don Jos\u00e9 Mar\u00eda Morelos, mural desmontable en tres secciones en la Ciudad de M\u00e9xico; cinco m\u00e1s en Jalpa de M\u00e9ndez, Tabasco, por mencionar algunos.<\/p>\n<p>C\u00e1rdenas Rodr\u00edguez dijo estar orgullosa y agradecida por recibir la condecoraci\u00f3n de su padre, quien dej\u00f3 huellas en m\u00e1s de tres mil pinturas de temas hist\u00f3ricos, religiosos y de rostros, que se encuentran albergados en cada uno de los espacios iluminados con sus pinceles.<\/p>\n<p>La diputada presidenta de la Junta de Coordinaci\u00f3n Pol\u00edtica, Adriana Hern\u00e1ndez \u00cd\u00f1iguez, destac\u00f3 que esta condecoraci\u00f3n se realiza a\u00f1o con a\u00f1o a michoacanos distinguidos por su trayectoria en el marco del aniversario luctuoso de Melchor Ocampo; en esta ocasi\u00f3n, se rindi\u00f3 homenaje a un talento destacado y con vena art\u00edstica que supo honrar a Michoac\u00e1n y al pa\u00eds en cada una de sus majestuosas obras.<\/p>\n<p>La Presea Melchor Ocampo consiste en una medalla circular de oro de 18 quilates, con cinco cent\u00edmetros de di\u00e1metro y 5 mil\u00edmetros de espesor, grabada con el rostro de Melchor Ocampo, el nombre de Agust\u00edn C\u00e1rdenas y el a\u00f1o en que fue otorgada. A su reverso se encuentra el escudo de Michoac\u00e1n con la leyenda de Estados Unidos Mexicanos, misma que es otorgada por el titular de Ejecutivo Estatal.<\/p>\n<p>En la sesi\u00f3n tambi\u00e9n estuvieron presentes el presidente del Congreso del Estado, Pascual Sigala P\u00e1ez; el secretario de Gobierno, Adri\u00e1n L\u00f3pez Sol\u00eds; Marco Antonio Flores Negrete, presidente del Poder Judicial de Michoac\u00e1n, as\u00ed como diputados y representantes de los tres Poderes en el Estado.<\/p>\n","protected":false},"excerpt":{"rendered":"<p>Reconocen los 60 a\u00f1os ininterrumpidos de trayectoria del artista pl\u00e1stico y m\u00fasico Eleazar Agust\u00edn C\u00e1rdenas. &nbsp; Morelia, Michoac\u00e1n, a 3 de junio de 2017.- El Gobernador Constitucional Silvano Aureoles Conejo, encabez\u00f3 con los titulares de los Poderes Legislativo y Judicial, la entrega de la Presea Melchor Ocampo al reconocido artista pl\u00e1stico y m\u00fasico, Eleazar Agust\u00edn [&hellip;]<\/p>\n","protected":false},"author":2,"featured_media":37154,"comment_status":"closed","ping_status":"closed","sticky":false,"template":"","format":"standard","meta":{"footnotes":""},"categories":[14,3],"tags":[],"class_list":["post-37153","post","type-post","status-publish","format-standard","has-post-thumbnail","hentry","category-destacadas","category-gobierno-del-estado-de-michoacan"],"_links":{"self":[{"href":"https:\/\/radiowebmx.com\/nota\/wp-json\/wp\/v2\/posts\/37153","targetHints":{"allow":["GET"]}}],"collection":[{"href":"https:\/\/radiowebmx.com\/nota\/wp-json\/wp\/v2\/posts"}],"about":[{"href":"https:\/\/radiowebmx.com\/nota\/wp-json\/wp\/v2\/types\/post"}],"author":[{"embeddable":true,"href":"https:\/\/radiowebmx.com\/nota\/wp-json\/wp\/v2\/users\/2"}],"replies":[{"embeddable":true,"href":"https:\/\/radiowebmx.com\/nota\/wp-json\/wp\/v2\/comments?post=37153"}],"version-history":[{"count":1,"href":"https:\/\/radiowebmx.com\/nota\/wp-json\/wp\/v2\/posts\/37153\/revisions"}],"predecessor-version":[{"id":37155,"href":"https:\/\/radiowebmx.com\/nota\/wp-json\/wp\/v2\/posts\/37153\/revisions\/37155"}],"wp:featuredmedia":[{"embeddable":true,"href":"https:\/\/radiowebmx.com\/nota\/wp-json\/wp\/v2\/media\/37154"}],"wp:attachment":[{"href":"https:\/\/radiowebmx.com\/nota\/wp-json\/wp\/v2\/media?parent=37153"}],"wp:term":[{"taxonomy":"category","embeddable":true,"href":"https:\/\/radiowebmx.com\/nota\/wp-json\/wp\/v2\/categories?post=37153"},{"taxonomy":"post_tag","embeddable":true,"href":"https:\/\/radiowebmx.com\/nota\/wp-json\/wp\/v2\/tags?post=37153"}],"curies":[{"name":"wp","href":"https:\/\/api.w.org\/{rel}","templated":true}]}}