{"id":37089,"date":"2017-05-25T19:42:17","date_gmt":"2017-05-26T00:42:17","guid":{"rendered":"https:\/\/radiowebmx.com\/nota\/?p=37089"},"modified":"2017-10-11T12:34:49","modified_gmt":"2017-10-11T17:34:49","slug":"visitan-terreno-donde-podrian-edificar-un-nuevo-centro-de-salud-en-tarimbaro","status":"publish","type":"post","link":"https:\/\/radiowebmx.com\/nota\/visitan-terreno-donde-podrian-edificar-un-nuevo-centro-de-salud-en-tarimbaro\/","title":{"rendered":"Visitan terreno donde podr\u00edan edificar un nuevo Centro de Salud en Tar\u00edmbaro"},"content":{"rendered":"<p><a href=\"https:\/\/radiowebmx.com\/nota\/wp-content\/uploads\/2017\/06\/58545.jpg\"><img loading=\"lazy\" decoding=\"async\" class=\"size-full wp-image-37090 alignleft\" src=\"https:\/\/radiowebmx.com\/nota\/wp-content\/uploads\/2017\/06\/58545.jpg\" alt=\"\" width=\"554\" height=\"477\" \/><\/a>25\/5\/17 Tarimbaro. Mich: El Presidente Municipal de Tar\u00edmbaro Baltazar Gaona S\u00e1nchez, en compa\u00f1\u00eda del Director de servicios de salud, Dr. Hahkui Cort\u00e9z Ram\u00edrez, el jefe de jurisdicci\u00f3n sanitaria 01 Dr. L\u00e1zaro Cort\u00e9s, Regidor de salud Bladimir Gonz\u00e1lez, y Salvador Garza Ojeda, as\u00ed como autoridades locales de la Secrearia de Salud realizaron una visita al Centro de Salud de la cabecera municipal.<\/p>\n<p>El compromiso de los anteriormente mencionados fue ampliarlo y mejorar las instalaciones, servicios y equipamiento para el beneficio de la poblaci\u00f3n.<\/p>\n<p>En este contexto se realiz\u00f3 un reconocimiento del terreno puesto en donaci\u00f3n por parte del municipio a la Secretaria de Salud para la construcci\u00f3n de nuevo centro de salud en el Fraccionamiento Galaxia con lo cual ser\u00edan beneficiadas miles de familias.<\/p>\n","protected":false},"excerpt":{"rendered":"<p>25\/5\/17 Tarimbaro. Mich: El Presidente Municipal de Tar\u00edmbaro Baltazar Gaona S\u00e1nchez, en compa\u00f1\u00eda del Director de servicios de salud, Dr. Hahkui Cort\u00e9z Ram\u00edrez, el jefe de jurisdicci\u00f3n sanitaria 01 Dr. L\u00e1zaro Cort\u00e9s, Regidor de salud Bladimir Gonz\u00e1lez, y Salvador Garza Ojeda, as\u00ed como autoridades locales de la Secrearia de Salud realizaron una visita al Centro [&hellip;]<\/p>\n","protected":false},"author":2,"featured_media":37090,"comment_status":"closed","ping_status":"closed","sticky":false,"template":"","format":"standard","meta":{"footnotes":""},"categories":[14,22],"tags":[],"class_list":["post-37089","post","type-post","status-publish","format-standard","has-post-thumbnail","hentry","category-destacadas","category-tarimbaro"],"_links":{"self":[{"href":"https:\/\/radiowebmx.com\/nota\/wp-json\/wp\/v2\/posts\/37089","targetHints":{"allow":["GET"]}}],"collection":[{"href":"https:\/\/radiowebmx.com\/nota\/wp-json\/wp\/v2\/posts"}],"about":[{"href":"https:\/\/radiowebmx.com\/nota\/wp-json\/wp\/v2\/types\/post"}],"author":[{"embeddable":true,"href":"https:\/\/radiowebmx.com\/nota\/wp-json\/wp\/v2\/users\/2"}],"replies":[{"embeddable":true,"href":"https:\/\/radiowebmx.com\/nota\/wp-json\/wp\/v2\/comments?post=37089"}],"version-history":[{"count":2,"href":"https:\/\/radiowebmx.com\/nota\/wp-json\/wp\/v2\/posts\/37089\/revisions"}],"predecessor-version":[{"id":45867,"href":"https:\/\/radiowebmx.com\/nota\/wp-json\/wp\/v2\/posts\/37089\/revisions\/45867"}],"wp:featuredmedia":[{"embeddable":true,"href":"https:\/\/radiowebmx.com\/nota\/wp-json\/wp\/v2\/media\/37090"}],"wp:attachment":[{"href":"https:\/\/radiowebmx.com\/nota\/wp-json\/wp\/v2\/media?parent=37089"}],"wp:term":[{"taxonomy":"category","embeddable":true,"href":"https:\/\/radiowebmx.com\/nota\/wp-json\/wp\/v2\/categories?post=37089"},{"taxonomy":"post_tag","embeddable":true,"href":"https:\/\/radiowebmx.com\/nota\/wp-json\/wp\/v2\/tags?post=37089"}],"curies":[{"name":"wp","href":"https:\/\/api.w.org\/{rel}","templated":true}]}}