{"id":37026,"date":"2017-06-02T14:45:53","date_gmt":"2017-06-02T19:45:53","guid":{"rendered":"https:\/\/radiowebmx.com\/nota\/?p=37026"},"modified":"2017-06-02T14:49:12","modified_gmt":"2017-06-02T19:49:12","slug":"crece-centro-educativo-del-cobaem-en-comachuen","status":"publish","type":"post","link":"https:\/\/radiowebmx.com\/nota\/crece-centro-educativo-del-cobaem-en-comachuen\/","title":{"rendered":"Crece centro educativo del Cobaem en Comachu\u00e9n"},"content":{"rendered":"<p><a href=\"https:\/\/radiowebmx.com\/nota\/wp-content\/uploads\/2017\/06\/55874c44-609c-4803-8789-ea7cf041ebbb.jpg\"><img loading=\"lazy\" decoding=\"async\" class=\"alignnone size-medium wp-image-37027\" src=\"https:\/\/radiowebmx.com\/nota\/wp-content\/uploads\/2017\/06\/55874c44-609c-4803-8789-ea7cf041ebbb-595x446.jpg\" alt=\"\" width=\"595\" height=\"446\" srcset=\"https:\/\/radiowebmx.com\/nota\/wp-content\/uploads\/2017\/06\/55874c44-609c-4803-8789-ea7cf041ebbb-595x446.jpg 595w, https:\/\/radiowebmx.com\/nota\/wp-content\/uploads\/2017\/06\/55874c44-609c-4803-8789-ea7cf041ebbb.jpg 709w\" sizes=\"auto, (max-width: 595px) 100vw, 595px\" \/><\/a><\/p>\n<p>&nbsp;<\/p>\n<p><strong>Nahuatzen, Michoac\u00e1n, a 2 de junio de 2017.- <\/strong>Como parte de las acciones\u00a0 de fortalecimiento a la calidad educativa que emprende el Colegio de Bachilleres del Estado de Michoac\u00e1n (Cobaem), este viernes fueron inauguradas diversas obras en la extensi\u00f3n de la comunidad de Comachu\u00e9n, de cara al inicio del pr\u00f3ximo ciclo escolar.<br \/>\nComo resultado del trabajo conjunto entre las autoridades de la comunidad de Comachu\u00e9n y el ayuntamiento de Nahuatzen, se lograron edificar tres aulas, sanitarios y patio c\u00edvico, con una inversi\u00f3n total de 2 millones 451 mil pesos.<br \/>\nEl coordinador de Oficinas Centrales del Cobaem, Roberto Ambriz Mendoza, reconoci\u00f3 el esfuerzo para materializar este tipo de proyectos, y asegur\u00f3 que se trabajar\u00e1 en las gestiones pertinentes para lograr que, en agosto pr\u00f3ximo, este centro educativo este totalmente amueblado.<br \/>\nCon la representaci\u00f3n del director general del Cobaem, Alejandro Bustos Aguilar, record\u00f3 que hace ocho meses se puso en marcha esta extensi\u00f3n, por lo que reconoci\u00f3 el trabajo del ayuntamiento y la comunidad para lograr construir las aulas, los sanitarios y el patio c\u00edvico.<br \/>\nPor su parte, el presidente municipal de Nahuatzen, Miguel Prado Morales, destac\u00f3 que para su gobierno la educaci\u00f3n es una prioridad.<br \/>\nAnte autoridades municipales, comunales y del Cobaem, reconoci\u00f3 la labor de la instituci\u00f3n educativa, e inform\u00f3 que este a\u00f1o se invertir\u00e1n m\u00e1s de 2 millones de pesos en la pavimentaci\u00f3n del camino a este plantel.<\/p>\n","protected":false},"excerpt":{"rendered":"<p>&nbsp; Nahuatzen, Michoac\u00e1n, a 2 de junio de 2017.- Como parte de las acciones\u00a0 de fortalecimiento a la calidad educativa que emprende el Colegio de Bachilleres del Estado de Michoac\u00e1n (Cobaem), este viernes fueron inauguradas diversas obras en la extensi\u00f3n de la comunidad de Comachu\u00e9n, de cara al inicio del pr\u00f3ximo ciclo escolar. Como resultado [&hellip;]<\/p>\n","protected":false},"author":2,"featured_media":37027,"comment_status":"closed","ping_status":"closed","sticky":false,"template":"","format":"standard","meta":{"footnotes":""},"categories":[14,3],"tags":[],"class_list":["post-37026","post","type-post","status-publish","format-standard","has-post-thumbnail","hentry","category-destacadas","category-gobierno-del-estado-de-michoacan"],"_links":{"self":[{"href":"https:\/\/radiowebmx.com\/nota\/wp-json\/wp\/v2\/posts\/37026","targetHints":{"allow":["GET"]}}],"collection":[{"href":"https:\/\/radiowebmx.com\/nota\/wp-json\/wp\/v2\/posts"}],"about":[{"href":"https:\/\/radiowebmx.com\/nota\/wp-json\/wp\/v2\/types\/post"}],"author":[{"embeddable":true,"href":"https:\/\/radiowebmx.com\/nota\/wp-json\/wp\/v2\/users\/2"}],"replies":[{"embeddable":true,"href":"https:\/\/radiowebmx.com\/nota\/wp-json\/wp\/v2\/comments?post=37026"}],"version-history":[{"count":1,"href":"https:\/\/radiowebmx.com\/nota\/wp-json\/wp\/v2\/posts\/37026\/revisions"}],"predecessor-version":[{"id":37028,"href":"https:\/\/radiowebmx.com\/nota\/wp-json\/wp\/v2\/posts\/37026\/revisions\/37028"}],"wp:featuredmedia":[{"embeddable":true,"href":"https:\/\/radiowebmx.com\/nota\/wp-json\/wp\/v2\/media\/37027"}],"wp:attachment":[{"href":"https:\/\/radiowebmx.com\/nota\/wp-json\/wp\/v2\/media?parent=37026"}],"wp:term":[{"taxonomy":"category","embeddable":true,"href":"https:\/\/radiowebmx.com\/nota\/wp-json\/wp\/v2\/categories?post=37026"},{"taxonomy":"post_tag","embeddable":true,"href":"https:\/\/radiowebmx.com\/nota\/wp-json\/wp\/v2\/tags?post=37026"}],"curies":[{"name":"wp","href":"https:\/\/api.w.org\/{rel}","templated":true}]}}